{"id":5031,"date":"2023-04-10T17:17:25","date_gmt":"2023-04-10T17:17:25","guid":{"rendered":"https:\/\/b2v.mx\/media\/?p=5031"},"modified":"2023-04-10T17:17:25","modified_gmt":"2023-04-10T17:17:25","slug":"linea-2-del-mexicable-en-marcha-para-agilizar-la-movilidad-entre-tlalnepantla-y-ecatepec-con-la-cdmx","status":"publish","type":"post","link":"https:\/\/b2v.mx\/media\/linea-2-del-mexicable-en-marcha-para-agilizar-la-movilidad-entre-tlalnepantla-y-ecatepec-con-la-cdmx\/","title":{"rendered":"L\u00ednea 2 del Mexicable en marcha para agilizar la movilidad entre Tlalnepantla y Ecatepec con la CDMX"},"content":{"rendered":"\n<p><em>Este sistema de transporte p\u00fablico ya que es una alternativa eficaz e innovadora, que acortar\u00e1 los tiempos de traslado de una hora 20 minutos a tan s\u00f3lo 29 minutos, desde Ecatepec a Indios Verdes.<\/em><\/p>\n\n\n\n<p>Con una <strong>inversi\u00f3n de 2 mil 500 millones de pesos, 283 cabinas y capacidad para transportar a 30 mil usuarios al d\u00eda<\/strong>, el Gobernador Alfredo Del Mazo Maza puso en marcha la L\u00ednea 2 del Mexicable, que facilitar\u00e1 la movilidad de quienes se trasladan entre Ecatepec, Tlalnepantla y la Ciudad de M\u00e9xico.<\/p>\n\n\n\n<p>\u201cEstamos haciendo entrega de \u00e9sta, que es la L\u00ednea 2 del Mexicable, que es la primera L\u00ednea metropolitana del Mexicable que tenemos en el Estado de M\u00e9xico, esto es, que cruza ambas entidades y que va ayudar no nada m\u00e1s a los habitantes del Estado de M\u00e9xico, sino tambi\u00e9n de la Ciudad. <strong>Esta L\u00ednea que entregamos, inicia en el municipio de Ecatepec, viene hacia ac\u00e1 en el municipio de Tlalnepantla y se conecta con la Alcald\u00eda Gustavo A. Madero<\/strong> de la Ciudad de M\u00e9xico, en la Estaci\u00f3n de Indios Verdes\u201d, expuso el Gobernador.<\/p>\n\n\n\n<p>En el arranque de operaciones de esta nueva L\u00ednea, que cuenta con siete estaciones, el mandatario estatal recalc\u00f3 que este <strong>medio de transporte es una alternativa verde, eficaz e innovadora<\/strong>, que refrenda el compromiso de su administraci\u00f3n con una movilidad accesible en la Zona Metropolitana del Valle de M\u00e9xico, donde habitan cerca de 22 millones de personas.<\/p>\n\n\n\n<p>Por ello, reconoci\u00f3 la colaboraci\u00f3n del Gobierno de la Ciudad de M\u00e9xico para realizar este proyecto, que no solo beneficia a la poblaci\u00f3n mexiquense, sino tambi\u00e9n a quienes viven en la capital nacional.<\/p>\n\n\n\n<p>Esta nueva ruta del Mexicable facilitar\u00e1 la movilidad de los habitantes del norponiente del Valle de M\u00e9xico, que tendr\u00e1n un nuevo acceso directo al Metro Indios Verdes, a las L\u00edneas 1 y 7 del Metrob\u00fas, a la L\u00ednea 1 del Cableb\u00fas, a la l\u00ednea 4 de Mexib\u00fas y a la L\u00ednea 1 del Mexicable; y <strong>permitir\u00e1 acortar los lapsos de traslado de una hora 20 minutos, a tan solo 29 minutos, desde Ecatepec hasta el paradero de Indios Verdes<\/strong>.<\/p>\n\n\n\n<figure class=\"wp-block-image size-large\"><img fetchpriority=\"high\" decoding=\"async\" width=\"1024\" height=\"591\" src=\"https:\/\/b2v.mx\/media\/wp-content\/uploads\/2023\/04\/mex-2-1024x591.jpg\" alt=\"\" class=\"wp-image-5033\" srcset=\"https:\/\/b2v.mx\/media\/wp-content\/uploads\/2023\/04\/mex-2-1024x591.jpg 1024w, https:\/\/b2v.mx\/media\/wp-content\/uploads\/2023\/04\/mex-2-300x173.jpg 300w, https:\/\/b2v.mx\/media\/wp-content\/uploads\/2023\/04\/mex-2-768x443.jpg 768w, https:\/\/b2v.mx\/media\/wp-content\/uploads\/2023\/04\/mex-2-1536x886.jpg 1536w, https:\/\/b2v.mx\/media\/wp-content\/uploads\/2023\/04\/mex-2-600x346.jpg 600w, https:\/\/b2v.mx\/media\/wp-content\/uploads\/2023\/04\/mex-2.jpg 1551w\" sizes=\"(max-width: 1024px) 100vw, 1024px\" \/><\/figure>\n\n\n\n<p>La L\u00ednea 2 del Mexicable tiene un horario de lunes a viernes de 5:00 a 23:00 horas, s\u00e1bados de 6:00 a 23:00 horas y domingos de 7:00 a 23:00 horas. Cada una de sus estaciones cuenta con \u00e1reas de ascenso y descenso, elevadores y sanitarios.<\/p>\n\n\n\n<p>En su mensaje, el gobernador pronunci\u00f3 ante Luigi De Chiara, Embajador de Italia en M\u00e9xico y de Francisco Ch\u00edguil Figueroa, Alcalde de la Delegaci\u00f3n Gustavo A. Madero, el mandatario estatal reconoci\u00f3 a Martin Leitner, Presidente de Leitner SPA, por la calidad en la construcci\u00f3n de esta L\u00ednea, la cual estuvo a cargo de la empresa italiana Leitner, que ha acompa\u00f1ado el desarrollo de este sistema de transporte.<\/p>\n\n\n\n<p>En el arranque de operaciones de esta l\u00ednea de transporte, tambi\u00e9n estuvieron presentes Jorge Abed Khoury, Director Financiero de Consorcio Aristos, Paul Abed Khoury, Director de Construcci\u00f3n de Consorcio Aristos, El\u00edas Abed Razo, Director Jur\u00eddico de Consorcio Aristos y Rosa Mar\u00eda Z\u00fa\u00f1iga Canales, Directora General del Sistema de Transporte Masivo y Telef\u00e9rico del Estado de M\u00e9xico.<\/p>\n\n\n\n<figure class=\"wp-block-image size-full\"><img decoding=\"async\" width=\"998\" height=\"653\" src=\"https:\/\/b2v.mx\/media\/wp-content\/uploads\/2023\/04\/mex-3.jpg\" alt=\"\" class=\"wp-image-5034\" srcset=\"https:\/\/b2v.mx\/media\/wp-content\/uploads\/2023\/04\/mex-3.jpg 998w, https:\/\/b2v.mx\/media\/wp-content\/uploads\/2023\/04\/mex-3-300x196.jpg 300w, https:\/\/b2v.mx\/media\/wp-content\/uploads\/2023\/04\/mex-3-768x503.jpg 768w, https:\/\/b2v.mx\/media\/wp-content\/uploads\/2023\/04\/mex-3-600x393.jpg 600w\" sizes=\"(max-width: 998px) 100vw, 998px\" \/><\/figure>\n","protected":false},"excerpt":{"rendered":"<p>Este sistema de transporte p\u00fablico ya que es una alternativa eficaz e innovadora, que acortar\u00e1 los tiempos de traslado de una hora 20 minutos a tan s\u00f3lo 29 minutos, desde Ecatepec a Indios Verdes. Con una inversi\u00f3n de 2 mil 500 millones de pesos, 283 cabinas y capacidad para transportar a 30 mil usuarios al [&hellip;]<\/p>\n","protected":false},"author":3,"featured_media":5032,"comment_status":"open","ping_status":"open","sticky":false,"template":"","format":"standard","meta":{"_eb_attr":"","_monsterinsights_skip_tracking":false,"_monsterinsights_sitenote_active":false,"_monsterinsights_sitenote_note":"","_monsterinsights_sitenote_category":0,"site-sidebar-layout":"default","site-content-layout":"","ast-site-content-layout":"","site-content-style":"default","site-sidebar-style":"default","ast-global-header-display":"","ast-banner-title-visibility":"","ast-main-header-display":"","ast-hfb-above-header-display":"","ast-hfb-below-header-display":"","ast-hfb-mobile-header-display":"","site-post-title":"","ast-breadcrumbs-content":"","ast-featured-img":"","footer-sml-layout":"","theme-transparent-header-meta":"","adv-header-id-meta":"","stick-header-meta":"","header-above-stick-meta":"","header-main-stick-meta":"","header-below-stick-meta":"","astra-migrate-meta-layouts":"default","ast-page-background-enabled":"default","ast-page-background-meta":{"desktop":{"background-color":"","background-image":"","background-repeat":"repeat","background-position":"center center","background-size":"auto","background-attachment":"scroll","background-type":"","background-media":"","overlay-type":"","overlay-color":"","overlay-opacity":"","overlay-gradient":""},"tablet":{"background-color":"","background-image":"","background-repeat":"repeat","background-position":"center center","background-size":"auto","background-attachment":"scroll","background-type":"","background-media":"","overlay-type":"","overlay-color":"","overlay-opacity":"","overlay-gradient":""},"mobile":{"background-color":"","background-image":"","background-repeat":"repeat","background-position":"center center","background-size":"auto","background-attachment":"scroll","background-type":"","background-media":"","overlay-type":"","overlay-color":"","overlay-opacity":"","overlay-gradient":""}},"ast-content-background-meta":{"desktop":{"background-color":"var(--ast-global-color-5)","background-image":"","background-repeat":"repeat","background-position":"center center","background-size":"auto","background-attachment":"scroll","background-type":"","background-media":"","overlay-type":"","overlay-color":"","overlay-opacity":"","overlay-gradient":""},"tablet":{"background-color":"var(--ast-global-color-5)","background-image":"","background-repeat":"repeat","background-position":"center center","background-size":"auto","background-attachment":"scroll","background-type":"","background-media":"","overlay-type":"","overlay-color":"","overlay-opacity":"","overlay-gradient":""},"mobile":{"background-color":"var(--ast-global-color-5)","background-image":"","background-repeat":"repeat","background-position":"center center","background-size":"auto","background-attachment":"scroll","background-type":"","background-media":"","overlay-type":"","overlay-color":"","overlay-opacity":"","overlay-gradient":""}},"footnotes":"","_wpscppro_dont_share_socialmedia":false,"_wpscppro_custom_social_share_image":0,"_facebook_share_type":"","_twitter_share_type":"","_linkedin_share_type":"","_pinterest_share_type":"","_linkedin_share_type_page":"","_instagram_share_type":"","_medium_share_type":"","_threads_share_type":"","_selected_social_profile":[],"_wpsp_enable_custom_social_template":false,"_wpsp_social_scheduling":{"enabled":false,"datetime":null,"platforms":[],"status":"template_only","dateOption":"today","timeOption":"now","customDays":"","customHours":"","customDate":"","customTime":"","schedulingType":"absolute"},"_wpsp_active_default_template":true},"categories":[19],"tags":[],"class_list":["post-5031","post","type-post","status-publish","format-standard","has-post-thumbnail","hentry","category-b2v"],"yoast_head":"<!-- This site is optimized with the Yoast SEO plugin v27.5 - https:\/\/yoast.com\/product\/yoast-seo-wordpress\/ -->\n<title>L\u00ednea 2 del Mexicable en marcha para agilizar la movilidad entre Tlalnepantla y Ecatepec con la CDMX - B2V Media<\/title>\n<meta name=\"description\" content=\"%\" \/>\n<meta name=\"robots\" content=\"index, follow, max-snippet:-1, max-image-preview:large, max-video-preview:-1\" \/>\n<link rel=\"canonical\" href=\"https:\/\/b2v.mx\/media\/linea-2-del-mexicable-en-marcha-para-agilizar-la-movilidad-entre-tlalnepantla-y-ecatepec-con-la-cdmx\/\" \/>\n<meta property=\"og:locale\" content=\"es_ES\" \/>\n<meta property=\"og:type\" content=\"article\" \/>\n<meta property=\"og:title\" content=\"L\u00ednea 2 del Mexicable en marcha para agilizar la movilidad entre Tlalnepantla y Ecatepec con la CDMX - B2V Media\" \/>\n<meta property=\"og:description\" content=\"%\" \/>\n<meta property=\"og:url\" content=\"https:\/\/b2v.mx\/media\/linea-2-del-mexicable-en-marcha-para-agilizar-la-movilidad-entre-tlalnepantla-y-ecatepec-con-la-cdmx\/\" \/>\n<meta property=\"og:site_name\" content=\"B2V Media\" \/>\n<meta property=\"article:publisher\" content=\"https:\/\/www.facebook.com\/b2vmx\" \/>\n<meta property=\"article:author\" content=\"https:\/\/facebook.com\/b2vmx\" \/>\n<meta property=\"article:published_time\" content=\"2023-04-10T17:17:25+00:00\" \/>\n<meta property=\"og:image\" content=\"https:\/\/i0.wp.com\/b2v.mx\/media\/wp-content\/uploads\/2023\/04\/mex1.jpeg?fit=768%2C511&ssl=1\" \/>\n\t<meta property=\"og:image:width\" content=\"768\" \/>\n\t<meta property=\"og:image:height\" content=\"511\" \/>\n\t<meta property=\"og:image:type\" content=\"image\/jpeg\" \/>\n<meta name=\"author\" content=\"Editor\" \/>\n<meta name=\"twitter:card\" content=\"summary_large_image\" \/>\n<meta name=\"twitter:creator\" content=\"@https:\/\/www.twitter.com\/b2vmx\" \/>\n<meta name=\"twitter:site\" content=\"@b2v_mx\" \/>\n<meta name=\"twitter:label1\" content=\"Escrito por\" \/>\n\t<meta name=\"twitter:data1\" content=\"Editor\" \/>\n\t<meta name=\"twitter:label2\" content=\"Tiempo de lectura\" \/>\n\t<meta name=\"twitter:data2\" content=\"3 minutos\" \/>\n<script type=\"application\/ld+json\" class=\"yoast-schema-graph\">{\"@context\":\"https:\\\/\\\/schema.org\",\"@graph\":[{\"@type\":\"Article\",\"@id\":\"https:\\\/\\\/b2v.mx\\\/media\\\/linea-2-del-mexicable-en-marcha-para-agilizar-la-movilidad-entre-tlalnepantla-y-ecatepec-con-la-cdmx\\\/#article\",\"isPartOf\":{\"@id\":\"https:\\\/\\\/b2v.mx\\\/media\\\/linea-2-del-mexicable-en-marcha-para-agilizar-la-movilidad-entre-tlalnepantla-y-ecatepec-con-la-cdmx\\\/\"},\"author\":{\"name\":\"Editor\",\"@id\":\"https:\\\/\\\/b2v.mx\\\/media\\\/#\\\/schema\\\/person\\\/19975bd0e669232f9c601ca6a3879095\"},\"headline\":\"L\u00ednea 2 del Mexicable en marcha para agilizar la movilidad entre Tlalnepantla y Ecatepec con la CDMX\",\"datePublished\":\"2023-04-10T17:17:25+00:00\",\"mainEntityOfPage\":{\"@id\":\"https:\\\/\\\/b2v.mx\\\/media\\\/linea-2-del-mexicable-en-marcha-para-agilizar-la-movilidad-entre-tlalnepantla-y-ecatepec-con-la-cdmx\\\/\"},\"wordCount\":559,\"commentCount\":0,\"publisher\":{\"@id\":\"https:\\\/\\\/b2v.mx\\\/media\\\/#organization\"},\"image\":{\"@id\":\"https:\\\/\\\/b2v.mx\\\/media\\\/linea-2-del-mexicable-en-marcha-para-agilizar-la-movilidad-entre-tlalnepantla-y-ecatepec-con-la-cdmx\\\/#primaryimage\"},\"thumbnailUrl\":\"https:\\\/\\\/b2v.mx\\\/media\\\/wp-content\\\/uploads\\\/2023\\\/04\\\/mex1.jpeg\",\"articleSection\":[\"Negocios\"],\"inLanguage\":\"es\",\"potentialAction\":[{\"@type\":\"CommentAction\",\"name\":\"Comment\",\"target\":[\"https:\\\/\\\/b2v.mx\\\/media\\\/linea-2-del-mexicable-en-marcha-para-agilizar-la-movilidad-entre-tlalnepantla-y-ecatepec-con-la-cdmx\\\/#respond\"]}]},{\"@type\":\"WebPage\",\"@id\":\"https:\\\/\\\/b2v.mx\\\/media\\\/linea-2-del-mexicable-en-marcha-para-agilizar-la-movilidad-entre-tlalnepantla-y-ecatepec-con-la-cdmx\\\/\",\"url\":\"https:\\\/\\\/b2v.mx\\\/media\\\/linea-2-del-mexicable-en-marcha-para-agilizar-la-movilidad-entre-tlalnepantla-y-ecatepec-con-la-cdmx\\\/\",\"name\":\"L\u00ednea 2 del Mexicable en marcha para agilizar la movilidad entre Tlalnepantla y Ecatepec con la CDMX - B2V Media\",\"isPartOf\":{\"@id\":\"https:\\\/\\\/b2v.mx\\\/media\\\/#website\"},\"primaryImageOfPage\":{\"@id\":\"https:\\\/\\\/b2v.mx\\\/media\\\/linea-2-del-mexicable-en-marcha-para-agilizar-la-movilidad-entre-tlalnepantla-y-ecatepec-con-la-cdmx\\\/#primaryimage\"},\"image\":{\"@id\":\"https:\\\/\\\/b2v.mx\\\/media\\\/linea-2-del-mexicable-en-marcha-para-agilizar-la-movilidad-entre-tlalnepantla-y-ecatepec-con-la-cdmx\\\/#primaryimage\"},\"thumbnailUrl\":\"https:\\\/\\\/b2v.mx\\\/media\\\/wp-content\\\/uploads\\\/2023\\\/04\\\/mex1.jpeg\",\"datePublished\":\"2023-04-10T17:17:25+00:00\",\"description\":\"%\",\"inLanguage\":\"es\",\"potentialAction\":[{\"@type\":\"ReadAction\",\"target\":[\"https:\\\/\\\/b2v.mx\\\/media\\\/linea-2-del-mexicable-en-marcha-para-agilizar-la-movilidad-entre-tlalnepantla-y-ecatepec-con-la-cdmx\\\/\"]}]},{\"@type\":\"ImageObject\",\"inLanguage\":\"es\",\"@id\":\"https:\\\/\\\/b2v.mx\\\/media\\\/linea-2-del-mexicable-en-marcha-para-agilizar-la-movilidad-entre-tlalnepantla-y-ecatepec-con-la-cdmx\\\/#primaryimage\",\"url\":\"https:\\\/\\\/b2v.mx\\\/media\\\/wp-content\\\/uploads\\\/2023\\\/04\\\/mex1.jpeg\",\"contentUrl\":\"https:\\\/\\\/b2v.mx\\\/media\\\/wp-content\\\/uploads\\\/2023\\\/04\\\/mex1.jpeg\",\"width\":768,\"height\":511},{\"@type\":\"WebSite\",\"@id\":\"https:\\\/\\\/b2v.mx\\\/media\\\/#website\",\"url\":\"https:\\\/\\\/b2v.mx\\\/media\\\/\",\"name\":\"B2V Media\",\"description\":\"Sitio de Contenidos de Negocios\",\"publisher\":{\"@id\":\"https:\\\/\\\/b2v.mx\\\/media\\\/#organization\"},\"alternateName\":\"B2V MX\",\"potentialAction\":[{\"@type\":\"SearchAction\",\"target\":{\"@type\":\"EntryPoint\",\"urlTemplate\":\"https:\\\/\\\/b2v.mx\\\/media\\\/?s={search_term_string}\"},\"query-input\":{\"@type\":\"PropertyValueSpecification\",\"valueRequired\":true,\"valueName\":\"search_term_string\"}}],\"inLanguage\":\"es\"},{\"@type\":\"Organization\",\"@id\":\"https:\\\/\\\/b2v.mx\\\/media\\\/#organization\",\"name\":\"B2V Media\",\"alternateName\":\"B2V MX\",\"url\":\"https:\\\/\\\/b2v.mx\\\/media\\\/\",\"logo\":{\"@type\":\"ImageObject\",\"inLanguage\":\"es\",\"@id\":\"https:\\\/\\\/b2v.mx\\\/media\\\/#\\\/schema\\\/logo\\\/image\\\/\",\"url\":\"https:\\\/\\\/b2v.mx\\\/media\\\/wp-content\\\/uploads\\\/2023\\\/01\\\/cropped-Logos_Mesa-de-trabajo-1-e1754716517695.png\",\"contentUrl\":\"https:\\\/\\\/b2v.mx\\\/media\\\/wp-content\\\/uploads\\\/2023\\\/01\\\/cropped-Logos_Mesa-de-trabajo-1-e1754716517695.png\",\"width\":250,\"height\":151,\"caption\":\"B2V Media\"},\"image\":{\"@id\":\"https:\\\/\\\/b2v.mx\\\/media\\\/#\\\/schema\\\/logo\\\/image\\\/\"},\"sameAs\":[\"https:\\\/\\\/www.facebook.com\\\/b2vmx\",\"https:\\\/\\\/x.com\\\/b2v_mx\",\"https:\\\/\\\/www.instagram.com\\\/b2vmx\\\/\",\"https:\\\/\\\/linkedin.com\\\/business\\\/b2vmx\"]},{\"@type\":\"Person\",\"@id\":\"https:\\\/\\\/b2v.mx\\\/media\\\/#\\\/schema\\\/person\\\/19975bd0e669232f9c601ca6a3879095\",\"name\":\"Editor\",\"image\":{\"@type\":\"ImageObject\",\"inLanguage\":\"es\",\"@id\":\"https:\\\/\\\/secure.gravatar.com\\\/avatar\\\/20af5fb450db1167afd101d6b4d43d4c1fb63be46f1e3adcfeb12b0ffd4b44bf?s=96&d=mm&r=g\",\"url\":\"https:\\\/\\\/secure.gravatar.com\\\/avatar\\\/20af5fb450db1167afd101d6b4d43d4c1fb63be46f1e3adcfeb12b0ffd4b44bf?s=96&d=mm&r=g\",\"contentUrl\":\"https:\\\/\\\/secure.gravatar.com\\\/avatar\\\/20af5fb450db1167afd101d6b4d43d4c1fb63be46f1e3adcfeb12b0ffd4b44bf?s=96&d=mm&r=g\",\"caption\":\"Editor\"},\"sameAs\":[\"https:\\\/\\\/b2v.mx\",\"https:\\\/\\\/facebook.com\\\/b2vmx\",\"https:\\\/\\\/www.instagram.com\\\/b2vmx\",\"https:\\\/\\\/www.linkedin.com\\\/company\\\/b2vmx\",\"https:\\\/\\\/x.com\\\/https:\\\/\\\/www.twitter.com\\\/b2vmx\",\"https:\\\/\\\/www.youtube.com\\\/@B2Vyoutube\"],\"url\":\"https:\\\/\\\/b2v.mx\\\/media\\\/author\\\/editor\\\/\"}]}<\/script>\n<!-- \/ Yoast SEO plugin. -->","yoast_head_json":{"title":"L\u00ednea 2 del Mexicable en marcha para agilizar la movilidad entre Tlalnepantla y Ecatepec con la CDMX - B2V Media","description":"%","robots":{"index":"index","follow":"follow","max-snippet":"max-snippet:-1","max-image-preview":"max-image-preview:large","max-video-preview":"max-video-preview:-1"},"canonical":"https:\/\/b2v.mx\/media\/linea-2-del-mexicable-en-marcha-para-agilizar-la-movilidad-entre-tlalnepantla-y-ecatepec-con-la-cdmx\/","og_locale":"es_ES","og_type":"article","og_title":"L\u00ednea 2 del Mexicable en marcha para agilizar la movilidad entre Tlalnepantla y Ecatepec con la CDMX - B2V Media","og_description":"%","og_url":"https:\/\/b2v.mx\/media\/linea-2-del-mexicable-en-marcha-para-agilizar-la-movilidad-entre-tlalnepantla-y-ecatepec-con-la-cdmx\/","og_site_name":"B2V Media","article_publisher":"https:\/\/www.facebook.com\/b2vmx","article_author":"https:\/\/facebook.com\/b2vmx","article_published_time":"2023-04-10T17:17:25+00:00","og_image":[{"width":768,"height":511,"url":"https:\/\/i0.wp.com\/b2v.mx\/media\/wp-content\/uploads\/2023\/04\/mex1.jpeg?fit=768%2C511&ssl=1","type":"image\/jpeg"}],"author":"Editor","twitter_card":"summary_large_image","twitter_creator":"@https:\/\/www.twitter.com\/b2vmx","twitter_site":"@b2v_mx","twitter_misc":{"Escrito por":"Editor","Tiempo de lectura":"3 minutos"},"schema":{"@context":"https:\/\/schema.org","@graph":[{"@type":"Article","@id":"https:\/\/b2v.mx\/media\/linea-2-del-mexicable-en-marcha-para-agilizar-la-movilidad-entre-tlalnepantla-y-ecatepec-con-la-cdmx\/#article","isPartOf":{"@id":"https:\/\/b2v.mx\/media\/linea-2-del-mexicable-en-marcha-para-agilizar-la-movilidad-entre-tlalnepantla-y-ecatepec-con-la-cdmx\/"},"author":{"name":"Editor","@id":"https:\/\/b2v.mx\/media\/#\/schema\/person\/19975bd0e669232f9c601ca6a3879095"},"headline":"L\u00ednea 2 del Mexicable en marcha para agilizar la movilidad entre Tlalnepantla y Ecatepec con la CDMX","datePublished":"2023-04-10T17:17:25+00:00","mainEntityOfPage":{"@id":"https:\/\/b2v.mx\/media\/linea-2-del-mexicable-en-marcha-para-agilizar-la-movilidad-entre-tlalnepantla-y-ecatepec-con-la-cdmx\/"},"wordCount":559,"commentCount":0,"publisher":{"@id":"https:\/\/b2v.mx\/media\/#organization"},"image":{"@id":"https:\/\/b2v.mx\/media\/linea-2-del-mexicable-en-marcha-para-agilizar-la-movilidad-entre-tlalnepantla-y-ecatepec-con-la-cdmx\/#primaryimage"},"thumbnailUrl":"https:\/\/b2v.mx\/media\/wp-content\/uploads\/2023\/04\/mex1.jpeg","articleSection":["Negocios"],"inLanguage":"es","potentialAction":[{"@type":"CommentAction","name":"Comment","target":["https:\/\/b2v.mx\/media\/linea-2-del-mexicable-en-marcha-para-agilizar-la-movilidad-entre-tlalnepantla-y-ecatepec-con-la-cdmx\/#respond"]}]},{"@type":"WebPage","@id":"https:\/\/b2v.mx\/media\/linea-2-del-mexicable-en-marcha-para-agilizar-la-movilidad-entre-tlalnepantla-y-ecatepec-con-la-cdmx\/","url":"https:\/\/b2v.mx\/media\/linea-2-del-mexicable-en-marcha-para-agilizar-la-movilidad-entre-tlalnepantla-y-ecatepec-con-la-cdmx\/","name":"L\u00ednea 2 del Mexicable en marcha para agilizar la movilidad entre Tlalnepantla y Ecatepec con la CDMX - B2V Media","isPartOf":{"@id":"https:\/\/b2v.mx\/media\/#website"},"primaryImageOfPage":{"@id":"https:\/\/b2v.mx\/media\/linea-2-del-mexicable-en-marcha-para-agilizar-la-movilidad-entre-tlalnepantla-y-ecatepec-con-la-cdmx\/#primaryimage"},"image":{"@id":"https:\/\/b2v.mx\/media\/linea-2-del-mexicable-en-marcha-para-agilizar-la-movilidad-entre-tlalnepantla-y-ecatepec-con-la-cdmx\/#primaryimage"},"thumbnailUrl":"https:\/\/b2v.mx\/media\/wp-content\/uploads\/2023\/04\/mex1.jpeg","datePublished":"2023-04-10T17:17:25+00:00","description":"%","inLanguage":"es","potentialAction":[{"@type":"ReadAction","target":["https:\/\/b2v.mx\/media\/linea-2-del-mexicable-en-marcha-para-agilizar-la-movilidad-entre-tlalnepantla-y-ecatepec-con-la-cdmx\/"]}]},{"@type":"ImageObject","inLanguage":"es","@id":"https:\/\/b2v.mx\/media\/linea-2-del-mexicable-en-marcha-para-agilizar-la-movilidad-entre-tlalnepantla-y-ecatepec-con-la-cdmx\/#primaryimage","url":"https:\/\/b2v.mx\/media\/wp-content\/uploads\/2023\/04\/mex1.jpeg","contentUrl":"https:\/\/b2v.mx\/media\/wp-content\/uploads\/2023\/04\/mex1.jpeg","width":768,"height":511},{"@type":"WebSite","@id":"https:\/\/b2v.mx\/media\/#website","url":"https:\/\/b2v.mx\/media\/","name":"B2V Media","description":"Sitio de Contenidos de Negocios","publisher":{"@id":"https:\/\/b2v.mx\/media\/#organization"},"alternateName":"B2V MX","potentialAction":[{"@type":"SearchAction","target":{"@type":"EntryPoint","urlTemplate":"https:\/\/b2v.mx\/media\/?s={search_term_string}"},"query-input":{"@type":"PropertyValueSpecification","valueRequired":true,"valueName":"search_term_string"}}],"inLanguage":"es"},{"@type":"Organization","@id":"https:\/\/b2v.mx\/media\/#organization","name":"B2V Media","alternateName":"B2V MX","url":"https:\/\/b2v.mx\/media\/","logo":{"@type":"ImageObject","inLanguage":"es","@id":"https:\/\/b2v.mx\/media\/#\/schema\/logo\/image\/","url":"https:\/\/b2v.mx\/media\/wp-content\/uploads\/2023\/01\/cropped-Logos_Mesa-de-trabajo-1-e1754716517695.png","contentUrl":"https:\/\/b2v.mx\/media\/wp-content\/uploads\/2023\/01\/cropped-Logos_Mesa-de-trabajo-1-e1754716517695.png","width":250,"height":151,"caption":"B2V Media"},"image":{"@id":"https:\/\/b2v.mx\/media\/#\/schema\/logo\/image\/"},"sameAs":["https:\/\/www.facebook.com\/b2vmx","https:\/\/x.com\/b2v_mx","https:\/\/www.instagram.com\/b2vmx\/","https:\/\/linkedin.com\/business\/b2vmx"]},{"@type":"Person","@id":"https:\/\/b2v.mx\/media\/#\/schema\/person\/19975bd0e669232f9c601ca6a3879095","name":"Editor","image":{"@type":"ImageObject","inLanguage":"es","@id":"https:\/\/secure.gravatar.com\/avatar\/20af5fb450db1167afd101d6b4d43d4c1fb63be46f1e3adcfeb12b0ffd4b44bf?s=96&d=mm&r=g","url":"https:\/\/secure.gravatar.com\/avatar\/20af5fb450db1167afd101d6b4d43d4c1fb63be46f1e3adcfeb12b0ffd4b44bf?s=96&d=mm&r=g","contentUrl":"https:\/\/secure.gravatar.com\/avatar\/20af5fb450db1167afd101d6b4d43d4c1fb63be46f1e3adcfeb12b0ffd4b44bf?s=96&d=mm&r=g","caption":"Editor"},"sameAs":["https:\/\/b2v.mx","https:\/\/facebook.com\/b2vmx","https:\/\/www.instagram.com\/b2vmx","https:\/\/www.linkedin.com\/company\/b2vmx","https:\/\/x.com\/https:\/\/www.twitter.com\/b2vmx","https:\/\/www.youtube.com\/@B2Vyoutube"],"url":"https:\/\/b2v.mx\/media\/author\/editor\/"}]}},"_links":{"self":[{"href":"https:\/\/b2v.mx\/media\/wp-json\/wp\/v2\/posts\/5031","targetHints":{"allow":["GET"]}}],"collection":[{"href":"https:\/\/b2v.mx\/media\/wp-json\/wp\/v2\/posts"}],"about":[{"href":"https:\/\/b2v.mx\/media\/wp-json\/wp\/v2\/types\/post"}],"author":[{"embeddable":true,"href":"https:\/\/b2v.mx\/media\/wp-json\/wp\/v2\/users\/3"}],"replies":[{"embeddable":true,"href":"https:\/\/b2v.mx\/media\/wp-json\/wp\/v2\/comments?post=5031"}],"version-history":[{"count":1,"href":"https:\/\/b2v.mx\/media\/wp-json\/wp\/v2\/posts\/5031\/revisions"}],"predecessor-version":[{"id":5035,"href":"https:\/\/b2v.mx\/media\/wp-json\/wp\/v2\/posts\/5031\/revisions\/5035"}],"wp:featuredmedia":[{"embeddable":true,"href":"https:\/\/b2v.mx\/media\/wp-json\/wp\/v2\/media\/5032"}],"wp:attachment":[{"href":"https:\/\/b2v.mx\/media\/wp-json\/wp\/v2\/media?parent=5031"}],"wp:term":[{"taxonomy":"category","embeddable":true,"href":"https:\/\/b2v.mx\/media\/wp-json\/wp\/v2\/categories?post=5031"},{"taxonomy":"post_tag","embeddable":true,"href":"https:\/\/b2v.mx\/media\/wp-json\/wp\/v2\/tags?post=5031"}],"curies":[{"name":"wp","href":"https:\/\/api.w.org\/{rel}","templated":true}]}}