{"id":5036,"date":"2023-04-10T17:23:21","date_gmt":"2023-04-10T17:23:21","guid":{"rendered":"https:\/\/b2v.mx\/media\/?p=5036"},"modified":"2023-04-10T17:23:21","modified_gmt":"2023-04-10T17:23:21","slug":"intel-y-conalep-firman-acuerdo-para-implementar-programa-nacional-de-inteligencia-artificial-para-jovenes","status":"publish","type":"post","link":"https:\/\/b2v.mx\/media\/intel-y-conalep-firman-acuerdo-para-implementar-programa-nacional-de-inteligencia-artificial-para-jovenes\/","title":{"rendered":"Intel y CONALEP firman acuerdo para implementar programa nacional de Inteligencia Artificial para J\u00f3venes"},"content":{"rendered":"\n<p><em>Esta colaboraci\u00f3n que permitir\u00e1 fortalecer la carrera de Ciencia de Datos e Inteligencia Artificial<\/em>.<\/p>\n\n\n\n<p>Intel y el Colegio Nacional de Educaci\u00f3n Profesional T\u00e9cnica (CONALEP) firmaron un acuerdo nacional de colaboraci\u00f3n que permitir\u00e1 fortalecer la carrera de Ciencia de Datos e Inteligencia Artificial (IA) <strong>mediante el dise\u00f1o curricular, desarrollo de materiales did\u00e1cticos y capacitaci\u00f3n de personal docente en la materia.<\/strong><\/p>\n\n\n\n<p>Firmada en las Oficinas Nacionales del CONALEP por Santiago Cardona, director general de Intel para Hispanoam\u00e9rica; Manuel de Jes\u00fas Espino, director general del CONALEP y acompa\u00f1ados por Ira\u00eds Barreto Canales, titular de la Unidad de Inteligencia Econ\u00f3mica Global de la Secretar\u00eda de Econom\u00eda; <strong>la nueva alianza permitir\u00e1 que diez colegios estatales de este subsistema de Educaci\u00f3n Media Superior comiencen con la implementaci\u00f3n del programa Intel AI For Youth (\u201cInteligencia Artificial para J\u00f3venes\u201d) en los estados de Nuevo Le\u00f3n, Jalisco y Quer\u00e9taro.<\/strong><\/p>\n\n\n\n<p>El nuevo programa proveer\u00e1 a la instituci\u00f3n de los recursos necesarios -sin costo alguno- para el dise\u00f1o curricular enfocado en IA y procesos de aprendizaje autom\u00e1tico, mismos que <strong>beneficiar\u00e1n a aproximadamente 25 mil estudiantes en los pr\u00f3ximos tres a\u00f1os,<\/strong> para alcanzar hasta 50 mil en a\u00f1os subsecuentes. A trav\u00e9s de este programa, se busca que los estudiantes aprendan habilidades t\u00e9cnicas como visi\u00f3n por computadora, procesamiento de lenguaje computacional y datos estad\u00edsticos, as\u00ed como diversas habilidades como el uso \u00e9tico de esta tecnolog\u00eda y el desarrollo de soluciones orientadas a generar impacto positivo en la sociedad.<\/p>\n\n\n\n<p>Al respecto, el director general del CONALEP agradeci\u00f3 la suma de esfuerzos y el trabajo colaborativo; se busca que la innovaci\u00f3n tecnol\u00f3gica, de la mano con el desarrollo de la IA y la capacitaci\u00f3n del personal docente, sean los pilares de la transformaci\u00f3n educativa que beneficie a los estudiantes del Colegio en su desarrollo profesional y a la sociedad mexicana.<\/p>\n\n\n\n<p>A su vez, Santiago Cardona, director general de Intel para Hispanoam\u00e9rica, expres\u00f3, \u201cla Inteligencia Artificial es considerada la nueva electricidad, y en Intel estamos comprometidos a construir puentes de colaboraci\u00f3n con el sector p\u00fablico para impulsar el entrenamiento del talento altamente especializado en esta tecnolog\u00eda. Esta colaboraci\u00f3n con CONALEP, una instituci\u00f3n de la Secretar\u00eda de Educaci\u00f3n P\u00fablica, y la Secretar\u00eda de Econom\u00eda est\u00e1 sembrando las mejores oportunidades para la empleabilidad, el crecimiento econ\u00f3mico y el desarrollo social en pa\u00edses como M\u00e9xico. Apostar por la educaci\u00f3n de los l\u00edderes de ma\u00f1ana siempre ser\u00e1 la decisi\u00f3n correcta.\u201d<\/p>\n\n\n\n<p>Como parte de esta colaboraci\u00f3n, tambi\u00e9n <strong>se lanzar\u00e1 con CONALEP la convocatoria para que M\u00e9xico participe en la competencia mundial de innovaci\u00f3n con Inteligencia Artificial, el Intel AI Global Impact Festival, en donde estudiantes y maestros de todo el mundo acceden a charlas, micro cursos y entrenamientos en IA y compiten con proyectos.<\/strong><\/p>\n\n\n\n<figure class=\"wp-block-image size-large\"><img fetchpriority=\"high\" decoding=\"async\" width=\"1024\" height=\"682\" src=\"https:\/\/b2v.mx\/media\/wp-content\/uploads\/2023\/04\/CONALEP2-1024x682.jpg\" alt=\"\" class=\"wp-image-5038\" srcset=\"https:\/\/b2v.mx\/media\/wp-content\/uploads\/2023\/04\/CONALEP2-1024x682.jpg 1024w, https:\/\/b2v.mx\/media\/wp-content\/uploads\/2023\/04\/CONALEP2-300x200.jpg 300w, https:\/\/b2v.mx\/media\/wp-content\/uploads\/2023\/04\/CONALEP2-768x512.jpg 768w, https:\/\/b2v.mx\/media\/wp-content\/uploads\/2023\/04\/CONALEP2-1536x1023.jpg 1536w, https:\/\/b2v.mx\/media\/wp-content\/uploads\/2023\/04\/CONALEP2-600x400.jpg 600w, https:\/\/b2v.mx\/media\/wp-content\/uploads\/2023\/04\/CONALEP2.jpg 1600w\" sizes=\"(max-width: 1024px) 100vw, 1024px\" \/><\/figure>\n","protected":false},"excerpt":{"rendered":"<p>Esta colaboraci\u00f3n que permitir\u00e1 fortalecer la carrera de Ciencia de Datos e Inteligencia Artificial. Intel y el Colegio Nacional de Educaci\u00f3n Profesional T\u00e9cnica (CONALEP) firmaron un acuerdo nacional de colaboraci\u00f3n que permitir\u00e1 fortalecer la carrera de Ciencia de Datos e Inteligencia Artificial (IA) mediante el dise\u00f1o curricular, desarrollo de materiales did\u00e1cticos y capacitaci\u00f3n de personal [&hellip;]<\/p>\n","protected":false},"author":3,"featured_media":5037,"comment_status":"open","ping_status":"open","sticky":false,"template":"","format":"standard","meta":{"_eb_attr":"","_monsterinsights_skip_tracking":false,"_monsterinsights_sitenote_active":false,"_monsterinsights_sitenote_note":"","_monsterinsights_sitenote_category":0,"site-sidebar-layout":"default","site-content-layout":"","ast-site-content-layout":"","site-content-style":"default","site-sidebar-style":"default","ast-global-header-display":"","ast-banner-title-visibility":"","ast-main-header-display":"","ast-hfb-above-header-display":"","ast-hfb-below-header-display":"","ast-hfb-mobile-header-display":"","site-post-title":"","ast-breadcrumbs-content":"","ast-featured-img":"","footer-sml-layout":"","theme-transparent-header-meta":"","adv-header-id-meta":"","stick-header-meta":"","header-above-stick-meta":"","header-main-stick-meta":"","header-below-stick-meta":"","astra-migrate-meta-layouts":"default","ast-page-background-enabled":"default","ast-page-background-meta":{"desktop":{"background-color":"","background-image":"","background-repeat":"repeat","background-position":"center center","background-size":"auto","background-attachment":"scroll","background-type":"","background-media":"","overlay-type":"","overlay-color":"","overlay-opacity":"","overlay-gradient":""},"tablet":{"background-color":"","background-image":"","background-repeat":"repeat","background-position":"center center","background-size":"auto","background-attachment":"scroll","background-type":"","background-media":"","overlay-type":"","overlay-color":"","overlay-opacity":"","overlay-gradient":""},"mobile":{"background-color":"","background-image":"","background-repeat":"repeat","background-position":"center center","background-size":"auto","background-attachment":"scroll","background-type":"","background-media":"","overlay-type":"","overlay-color":"","overlay-opacity":"","overlay-gradient":""}},"ast-content-background-meta":{"desktop":{"background-color":"var(--ast-global-color-5)","background-image":"","background-repeat":"repeat","background-position":"center center","background-size":"auto","background-attachment":"scroll","background-type":"","background-media":"","overlay-type":"","overlay-color":"","overlay-opacity":"","overlay-gradient":""},"tablet":{"background-color":"var(--ast-global-color-5)","background-image":"","background-repeat":"repeat","background-position":"center center","background-size":"auto","background-attachment":"scroll","background-type":"","background-media":"","overlay-type":"","overlay-color":"","overlay-opacity":"","overlay-gradient":""},"mobile":{"background-color":"var(--ast-global-color-5)","background-image":"","background-repeat":"repeat","background-position":"center center","background-size":"auto","background-attachment":"scroll","background-type":"","background-media":"","overlay-type":"","overlay-color":"","overlay-opacity":"","overlay-gradient":""}},"footnotes":"","_wpscppro_dont_share_socialmedia":false,"_wpscppro_custom_social_share_image":0,"_facebook_share_type":"","_twitter_share_type":"","_linkedin_share_type":"","_pinterest_share_type":"","_linkedin_share_type_page":"","_instagram_share_type":"","_medium_share_type":"","_threads_share_type":"","_selected_social_profile":[],"_wpsp_enable_custom_social_template":false,"_wpsp_social_scheduling":{"enabled":false,"datetime":null,"platforms":[],"status":"template_only","dateOption":"today","timeOption":"now","customDays":"","customHours":"","customDate":"","customTime":"","schedulingType":"absolute"},"_wpsp_active_default_template":true},"categories":[235],"tags":[],"class_list":["post-5036","post","type-post","status-publish","format-standard","has-post-thumbnail","hentry","category-tech"],"yoast_head":"<!-- This site is optimized with the Yoast SEO plugin v27.5 - https:\/\/yoast.com\/product\/yoast-seo-wordpress\/ -->\n<title>Intel y CONALEP firman acuerdo para implementar programa nacional de Inteligencia Artificial para J\u00f3venes - B2V Media<\/title>\n<meta name=\"description\" content=\"Esta colaboraci\u00f3n que permitir\u00e1 fortalecer la carrera de Ciencia de Datos e Inteligencia Artificial.\" \/>\n<meta name=\"robots\" content=\"index, follow, max-snippet:-1, max-image-preview:large, max-video-preview:-1\" \/>\n<link rel=\"canonical\" href=\"https:\/\/b2v.mx\/media\/intel-y-conalep-firman-acuerdo-para-implementar-programa-nacional-de-inteligencia-artificial-para-jovenes\/\" \/>\n<meta property=\"og:locale\" content=\"es_ES\" \/>\n<meta property=\"og:type\" content=\"article\" \/>\n<meta property=\"og:title\" content=\"Intel y CONALEP firman acuerdo para implementar programa nacional de Inteligencia Artificial para J\u00f3venes - B2V Media\" \/>\n<meta property=\"og:description\" content=\"Esta colaboraci\u00f3n que permitir\u00e1 fortalecer la carrera de Ciencia de Datos e Inteligencia Artificial.\" \/>\n<meta property=\"og:url\" content=\"https:\/\/b2v.mx\/media\/intel-y-conalep-firman-acuerdo-para-implementar-programa-nacional-de-inteligencia-artificial-para-jovenes\/\" \/>\n<meta property=\"og:site_name\" content=\"B2V Media\" \/>\n<meta property=\"article:publisher\" content=\"https:\/\/www.facebook.com\/b2vmx\" \/>\n<meta property=\"article:author\" content=\"https:\/\/facebook.com\/b2vmx\" \/>\n<meta property=\"article:published_time\" content=\"2023-04-10T17:23:21+00:00\" \/>\n<meta property=\"og:image\" content=\"https:\/\/i0.wp.com\/b2v.mx\/media\/wp-content\/uploads\/2023\/04\/CONALEP1.jpg?fit=1600%2C1066&ssl=1\" \/>\n\t<meta property=\"og:image:width\" content=\"1600\" \/>\n\t<meta property=\"og:image:height\" content=\"1066\" \/>\n\t<meta property=\"og:image:type\" content=\"image\/jpeg\" \/>\n<meta name=\"author\" content=\"Editor\" \/>\n<meta name=\"twitter:card\" content=\"summary_large_image\" \/>\n<meta name=\"twitter:creator\" content=\"@https:\/\/www.twitter.com\/b2vmx\" \/>\n<meta name=\"twitter:site\" content=\"@b2v_mx\" \/>\n<meta name=\"twitter:label1\" content=\"Escrito por\" \/>\n\t<meta name=\"twitter:data1\" content=\"Editor\" \/>\n\t<meta name=\"twitter:label2\" content=\"Tiempo de lectura\" \/>\n\t<meta name=\"twitter:data2\" content=\"3 minutos\" \/>\n<script type=\"application\/ld+json\" class=\"yoast-schema-graph\">{\"@context\":\"https:\\\/\\\/schema.org\",\"@graph\":[{\"@type\":\"Article\",\"@id\":\"https:\\\/\\\/b2v.mx\\\/media\\\/intel-y-conalep-firman-acuerdo-para-implementar-programa-nacional-de-inteligencia-artificial-para-jovenes\\\/#article\",\"isPartOf\":{\"@id\":\"https:\\\/\\\/b2v.mx\\\/media\\\/intel-y-conalep-firman-acuerdo-para-implementar-programa-nacional-de-inteligencia-artificial-para-jovenes\\\/\"},\"author\":{\"name\":\"Editor\",\"@id\":\"https:\\\/\\\/b2v.mx\\\/media\\\/#\\\/schema\\\/person\\\/19975bd0e669232f9c601ca6a3879095\"},\"headline\":\"Intel y CONALEP firman acuerdo para implementar programa nacional de Inteligencia Artificial para J\u00f3venes\",\"datePublished\":\"2023-04-10T17:23:21+00:00\",\"mainEntityOfPage\":{\"@id\":\"https:\\\/\\\/b2v.mx\\\/media\\\/intel-y-conalep-firman-acuerdo-para-implementar-programa-nacional-de-inteligencia-artificial-para-jovenes\\\/\"},\"wordCount\":513,\"commentCount\":0,\"publisher\":{\"@id\":\"https:\\\/\\\/b2v.mx\\\/media\\\/#organization\"},\"image\":{\"@id\":\"https:\\\/\\\/b2v.mx\\\/media\\\/intel-y-conalep-firman-acuerdo-para-implementar-programa-nacional-de-inteligencia-artificial-para-jovenes\\\/#primaryimage\"},\"thumbnailUrl\":\"https:\\\/\\\/b2v.mx\\\/media\\\/wp-content\\\/uploads\\\/2023\\\/04\\\/CONALEP1.jpg\",\"articleSection\":[\"Tecnolog\u00eda\"],\"inLanguage\":\"es\",\"potentialAction\":[{\"@type\":\"CommentAction\",\"name\":\"Comment\",\"target\":[\"https:\\\/\\\/b2v.mx\\\/media\\\/intel-y-conalep-firman-acuerdo-para-implementar-programa-nacional-de-inteligencia-artificial-para-jovenes\\\/#respond\"]}]},{\"@type\":\"WebPage\",\"@id\":\"https:\\\/\\\/b2v.mx\\\/media\\\/intel-y-conalep-firman-acuerdo-para-implementar-programa-nacional-de-inteligencia-artificial-para-jovenes\\\/\",\"url\":\"https:\\\/\\\/b2v.mx\\\/media\\\/intel-y-conalep-firman-acuerdo-para-implementar-programa-nacional-de-inteligencia-artificial-para-jovenes\\\/\",\"name\":\"Intel y CONALEP firman acuerdo para implementar programa nacional de Inteligencia Artificial para J\u00f3venes - B2V Media\",\"isPartOf\":{\"@id\":\"https:\\\/\\\/b2v.mx\\\/media\\\/#website\"},\"primaryImageOfPage\":{\"@id\":\"https:\\\/\\\/b2v.mx\\\/media\\\/intel-y-conalep-firman-acuerdo-para-implementar-programa-nacional-de-inteligencia-artificial-para-jovenes\\\/#primaryimage\"},\"image\":{\"@id\":\"https:\\\/\\\/b2v.mx\\\/media\\\/intel-y-conalep-firman-acuerdo-para-implementar-programa-nacional-de-inteligencia-artificial-para-jovenes\\\/#primaryimage\"},\"thumbnailUrl\":\"https:\\\/\\\/b2v.mx\\\/media\\\/wp-content\\\/uploads\\\/2023\\\/04\\\/CONALEP1.jpg\",\"datePublished\":\"2023-04-10T17:23:21+00:00\",\"description\":\"Esta colaboraci\u00f3n que permitir\u00e1 fortalecer la carrera de Ciencia de Datos e Inteligencia Artificial.\",\"inLanguage\":\"es\",\"potentialAction\":[{\"@type\":\"ReadAction\",\"target\":[\"https:\\\/\\\/b2v.mx\\\/media\\\/intel-y-conalep-firman-acuerdo-para-implementar-programa-nacional-de-inteligencia-artificial-para-jovenes\\\/\"]}]},{\"@type\":\"ImageObject\",\"inLanguage\":\"es\",\"@id\":\"https:\\\/\\\/b2v.mx\\\/media\\\/intel-y-conalep-firman-acuerdo-para-implementar-programa-nacional-de-inteligencia-artificial-para-jovenes\\\/#primaryimage\",\"url\":\"https:\\\/\\\/b2v.mx\\\/media\\\/wp-content\\\/uploads\\\/2023\\\/04\\\/CONALEP1.jpg\",\"contentUrl\":\"https:\\\/\\\/b2v.mx\\\/media\\\/wp-content\\\/uploads\\\/2023\\\/04\\\/CONALEP1.jpg\",\"width\":1600,\"height\":1066},{\"@type\":\"WebSite\",\"@id\":\"https:\\\/\\\/b2v.mx\\\/media\\\/#website\",\"url\":\"https:\\\/\\\/b2v.mx\\\/media\\\/\",\"name\":\"B2V Media\",\"description\":\"Sitio de Contenidos de Negocios\",\"publisher\":{\"@id\":\"https:\\\/\\\/b2v.mx\\\/media\\\/#organization\"},\"alternateName\":\"B2V MX\",\"potentialAction\":[{\"@type\":\"SearchAction\",\"target\":{\"@type\":\"EntryPoint\",\"urlTemplate\":\"https:\\\/\\\/b2v.mx\\\/media\\\/?s={search_term_string}\"},\"query-input\":{\"@type\":\"PropertyValueSpecification\",\"valueRequired\":true,\"valueName\":\"search_term_string\"}}],\"inLanguage\":\"es\"},{\"@type\":\"Organization\",\"@id\":\"https:\\\/\\\/b2v.mx\\\/media\\\/#organization\",\"name\":\"B2V Media\",\"alternateName\":\"B2V MX\",\"url\":\"https:\\\/\\\/b2v.mx\\\/media\\\/\",\"logo\":{\"@type\":\"ImageObject\",\"inLanguage\":\"es\",\"@id\":\"https:\\\/\\\/b2v.mx\\\/media\\\/#\\\/schema\\\/logo\\\/image\\\/\",\"url\":\"https:\\\/\\\/b2v.mx\\\/media\\\/wp-content\\\/uploads\\\/2023\\\/01\\\/cropped-Logos_Mesa-de-trabajo-1-e1754716517695.png\",\"contentUrl\":\"https:\\\/\\\/b2v.mx\\\/media\\\/wp-content\\\/uploads\\\/2023\\\/01\\\/cropped-Logos_Mesa-de-trabajo-1-e1754716517695.png\",\"width\":250,\"height\":151,\"caption\":\"B2V Media\"},\"image\":{\"@id\":\"https:\\\/\\\/b2v.mx\\\/media\\\/#\\\/schema\\\/logo\\\/image\\\/\"},\"sameAs\":[\"https:\\\/\\\/www.facebook.com\\\/b2vmx\",\"https:\\\/\\\/x.com\\\/b2v_mx\",\"https:\\\/\\\/www.instagram.com\\\/b2vmx\\\/\",\"https:\\\/\\\/linkedin.com\\\/business\\\/b2vmx\"]},{\"@type\":\"Person\",\"@id\":\"https:\\\/\\\/b2v.mx\\\/media\\\/#\\\/schema\\\/person\\\/19975bd0e669232f9c601ca6a3879095\",\"name\":\"Editor\",\"image\":{\"@type\":\"ImageObject\",\"inLanguage\":\"es\",\"@id\":\"https:\\\/\\\/secure.gravatar.com\\\/avatar\\\/20af5fb450db1167afd101d6b4d43d4c1fb63be46f1e3adcfeb12b0ffd4b44bf?s=96&d=mm&r=g\",\"url\":\"https:\\\/\\\/secure.gravatar.com\\\/avatar\\\/20af5fb450db1167afd101d6b4d43d4c1fb63be46f1e3adcfeb12b0ffd4b44bf?s=96&d=mm&r=g\",\"contentUrl\":\"https:\\\/\\\/secure.gravatar.com\\\/avatar\\\/20af5fb450db1167afd101d6b4d43d4c1fb63be46f1e3adcfeb12b0ffd4b44bf?s=96&d=mm&r=g\",\"caption\":\"Editor\"},\"sameAs\":[\"https:\\\/\\\/b2v.mx\",\"https:\\\/\\\/facebook.com\\\/b2vmx\",\"https:\\\/\\\/www.instagram.com\\\/b2vmx\",\"https:\\\/\\\/www.linkedin.com\\\/company\\\/b2vmx\",\"https:\\\/\\\/x.com\\\/https:\\\/\\\/www.twitter.com\\\/b2vmx\",\"https:\\\/\\\/www.youtube.com\\\/@B2Vyoutube\"],\"url\":\"https:\\\/\\\/b2v.mx\\\/media\\\/author\\\/editor\\\/\"}]}<\/script>\n<!-- \/ Yoast SEO plugin. -->","yoast_head_json":{"title":"Intel y CONALEP firman acuerdo para implementar programa nacional de Inteligencia Artificial para J\u00f3venes - B2V Media","description":"Esta colaboraci\u00f3n que permitir\u00e1 fortalecer la carrera de Ciencia de Datos e Inteligencia Artificial.","robots":{"index":"index","follow":"follow","max-snippet":"max-snippet:-1","max-image-preview":"max-image-preview:large","max-video-preview":"max-video-preview:-1"},"canonical":"https:\/\/b2v.mx\/media\/intel-y-conalep-firman-acuerdo-para-implementar-programa-nacional-de-inteligencia-artificial-para-jovenes\/","og_locale":"es_ES","og_type":"article","og_title":"Intel y CONALEP firman acuerdo para implementar programa nacional de Inteligencia Artificial para J\u00f3venes - B2V Media","og_description":"Esta colaboraci\u00f3n que permitir\u00e1 fortalecer la carrera de Ciencia de Datos e Inteligencia Artificial.","og_url":"https:\/\/b2v.mx\/media\/intel-y-conalep-firman-acuerdo-para-implementar-programa-nacional-de-inteligencia-artificial-para-jovenes\/","og_site_name":"B2V Media","article_publisher":"https:\/\/www.facebook.com\/b2vmx","article_author":"https:\/\/facebook.com\/b2vmx","article_published_time":"2023-04-10T17:23:21+00:00","og_image":[{"width":1600,"height":1066,"url":"https:\/\/i0.wp.com\/b2v.mx\/media\/wp-content\/uploads\/2023\/04\/CONALEP1.jpg?fit=1600%2C1066&ssl=1","type":"image\/jpeg"}],"author":"Editor","twitter_card":"summary_large_image","twitter_creator":"@https:\/\/www.twitter.com\/b2vmx","twitter_site":"@b2v_mx","twitter_misc":{"Escrito por":"Editor","Tiempo de lectura":"3 minutos"},"schema":{"@context":"https:\/\/schema.org","@graph":[{"@type":"Article","@id":"https:\/\/b2v.mx\/media\/intel-y-conalep-firman-acuerdo-para-implementar-programa-nacional-de-inteligencia-artificial-para-jovenes\/#article","isPartOf":{"@id":"https:\/\/b2v.mx\/media\/intel-y-conalep-firman-acuerdo-para-implementar-programa-nacional-de-inteligencia-artificial-para-jovenes\/"},"author":{"name":"Editor","@id":"https:\/\/b2v.mx\/media\/#\/schema\/person\/19975bd0e669232f9c601ca6a3879095"},"headline":"Intel y CONALEP firman acuerdo para implementar programa nacional de Inteligencia Artificial para J\u00f3venes","datePublished":"2023-04-10T17:23:21+00:00","mainEntityOfPage":{"@id":"https:\/\/b2v.mx\/media\/intel-y-conalep-firman-acuerdo-para-implementar-programa-nacional-de-inteligencia-artificial-para-jovenes\/"},"wordCount":513,"commentCount":0,"publisher":{"@id":"https:\/\/b2v.mx\/media\/#organization"},"image":{"@id":"https:\/\/b2v.mx\/media\/intel-y-conalep-firman-acuerdo-para-implementar-programa-nacional-de-inteligencia-artificial-para-jovenes\/#primaryimage"},"thumbnailUrl":"https:\/\/b2v.mx\/media\/wp-content\/uploads\/2023\/04\/CONALEP1.jpg","articleSection":["Tecnolog\u00eda"],"inLanguage":"es","potentialAction":[{"@type":"CommentAction","name":"Comment","target":["https:\/\/b2v.mx\/media\/intel-y-conalep-firman-acuerdo-para-implementar-programa-nacional-de-inteligencia-artificial-para-jovenes\/#respond"]}]},{"@type":"WebPage","@id":"https:\/\/b2v.mx\/media\/intel-y-conalep-firman-acuerdo-para-implementar-programa-nacional-de-inteligencia-artificial-para-jovenes\/","url":"https:\/\/b2v.mx\/media\/intel-y-conalep-firman-acuerdo-para-implementar-programa-nacional-de-inteligencia-artificial-para-jovenes\/","name":"Intel y CONALEP firman acuerdo para implementar programa nacional de Inteligencia Artificial para J\u00f3venes - B2V Media","isPartOf":{"@id":"https:\/\/b2v.mx\/media\/#website"},"primaryImageOfPage":{"@id":"https:\/\/b2v.mx\/media\/intel-y-conalep-firman-acuerdo-para-implementar-programa-nacional-de-inteligencia-artificial-para-jovenes\/#primaryimage"},"image":{"@id":"https:\/\/b2v.mx\/media\/intel-y-conalep-firman-acuerdo-para-implementar-programa-nacional-de-inteligencia-artificial-para-jovenes\/#primaryimage"},"thumbnailUrl":"https:\/\/b2v.mx\/media\/wp-content\/uploads\/2023\/04\/CONALEP1.jpg","datePublished":"2023-04-10T17:23:21+00:00","description":"Esta colaboraci\u00f3n que permitir\u00e1 fortalecer la carrera de Ciencia de Datos e Inteligencia Artificial.","inLanguage":"es","potentialAction":[{"@type":"ReadAction","target":["https:\/\/b2v.mx\/media\/intel-y-conalep-firman-acuerdo-para-implementar-programa-nacional-de-inteligencia-artificial-para-jovenes\/"]}]},{"@type":"ImageObject","inLanguage":"es","@id":"https:\/\/b2v.mx\/media\/intel-y-conalep-firman-acuerdo-para-implementar-programa-nacional-de-inteligencia-artificial-para-jovenes\/#primaryimage","url":"https:\/\/b2v.mx\/media\/wp-content\/uploads\/2023\/04\/CONALEP1.jpg","contentUrl":"https:\/\/b2v.mx\/media\/wp-content\/uploads\/2023\/04\/CONALEP1.jpg","width":1600,"height":1066},{"@type":"WebSite","@id":"https:\/\/b2v.mx\/media\/#website","url":"https:\/\/b2v.mx\/media\/","name":"B2V Media","description":"Sitio de Contenidos de Negocios","publisher":{"@id":"https:\/\/b2v.mx\/media\/#organization"},"alternateName":"B2V MX","potentialAction":[{"@type":"SearchAction","target":{"@type":"EntryPoint","urlTemplate":"https:\/\/b2v.mx\/media\/?s={search_term_string}"},"query-input":{"@type":"PropertyValueSpecification","valueRequired":true,"valueName":"search_term_string"}}],"inLanguage":"es"},{"@type":"Organization","@id":"https:\/\/b2v.mx\/media\/#organization","name":"B2V Media","alternateName":"B2V MX","url":"https:\/\/b2v.mx\/media\/","logo":{"@type":"ImageObject","inLanguage":"es","@id":"https:\/\/b2v.mx\/media\/#\/schema\/logo\/image\/","url":"https:\/\/b2v.mx\/media\/wp-content\/uploads\/2023\/01\/cropped-Logos_Mesa-de-trabajo-1-e1754716517695.png","contentUrl":"https:\/\/b2v.mx\/media\/wp-content\/uploads\/2023\/01\/cropped-Logos_Mesa-de-trabajo-1-e1754716517695.png","width":250,"height":151,"caption":"B2V Media"},"image":{"@id":"https:\/\/b2v.mx\/media\/#\/schema\/logo\/image\/"},"sameAs":["https:\/\/www.facebook.com\/b2vmx","https:\/\/x.com\/b2v_mx","https:\/\/www.instagram.com\/b2vmx\/","https:\/\/linkedin.com\/business\/b2vmx"]},{"@type":"Person","@id":"https:\/\/b2v.mx\/media\/#\/schema\/person\/19975bd0e669232f9c601ca6a3879095","name":"Editor","image":{"@type":"ImageObject","inLanguage":"es","@id":"https:\/\/secure.gravatar.com\/avatar\/20af5fb450db1167afd101d6b4d43d4c1fb63be46f1e3adcfeb12b0ffd4b44bf?s=96&d=mm&r=g","url":"https:\/\/secure.gravatar.com\/avatar\/20af5fb450db1167afd101d6b4d43d4c1fb63be46f1e3adcfeb12b0ffd4b44bf?s=96&d=mm&r=g","contentUrl":"https:\/\/secure.gravatar.com\/avatar\/20af5fb450db1167afd101d6b4d43d4c1fb63be46f1e3adcfeb12b0ffd4b44bf?s=96&d=mm&r=g","caption":"Editor"},"sameAs":["https:\/\/b2v.mx","https:\/\/facebook.com\/b2vmx","https:\/\/www.instagram.com\/b2vmx","https:\/\/www.linkedin.com\/company\/b2vmx","https:\/\/x.com\/https:\/\/www.twitter.com\/b2vmx","https:\/\/www.youtube.com\/@B2Vyoutube"],"url":"https:\/\/b2v.mx\/media\/author\/editor\/"}]}},"_links":{"self":[{"href":"https:\/\/b2v.mx\/media\/wp-json\/wp\/v2\/posts\/5036","targetHints":{"allow":["GET"]}}],"collection":[{"href":"https:\/\/b2v.mx\/media\/wp-json\/wp\/v2\/posts"}],"about":[{"href":"https:\/\/b2v.mx\/media\/wp-json\/wp\/v2\/types\/post"}],"author":[{"embeddable":true,"href":"https:\/\/b2v.mx\/media\/wp-json\/wp\/v2\/users\/3"}],"replies":[{"embeddable":true,"href":"https:\/\/b2v.mx\/media\/wp-json\/wp\/v2\/comments?post=5036"}],"version-history":[{"count":1,"href":"https:\/\/b2v.mx\/media\/wp-json\/wp\/v2\/posts\/5036\/revisions"}],"predecessor-version":[{"id":5039,"href":"https:\/\/b2v.mx\/media\/wp-json\/wp\/v2\/posts\/5036\/revisions\/5039"}],"wp:featuredmedia":[{"embeddable":true,"href":"https:\/\/b2v.mx\/media\/wp-json\/wp\/v2\/media\/5037"}],"wp:attachment":[{"href":"https:\/\/b2v.mx\/media\/wp-json\/wp\/v2\/media?parent=5036"}],"wp:term":[{"taxonomy":"category","embeddable":true,"href":"https:\/\/b2v.mx\/media\/wp-json\/wp\/v2\/categories?post=5036"},{"taxonomy":"post_tag","embeddable":true,"href":"https:\/\/b2v.mx\/media\/wp-json\/wp\/v2\/tags?post=5036"}],"curies":[{"name":"wp","href":"https:\/\/api.w.org\/{rel}","templated":true}]}}