{"id":5049,"date":"2023-04-10T17:45:10","date_gmt":"2023-04-10T17:45:10","guid":{"rendered":"https:\/\/b2v.mx\/media\/?p=5049"},"modified":"2023-08-06T22:24:50","modified_gmt":"2023-08-07T04:24:50","slug":"la-asociacion-mexicana-de-data-centers-mexdc-respaldara-la-transformacion-digital-del-pais","status":"publish","type":"post","link":"https:\/\/b2v.mx\/media\/la-asociacion-mexicana-de-data-centers-mexdc-respaldara-la-transformacion-digital-del-pais\/","title":{"rendered":"La Asociaci\u00f3n Mexicana de Data Centers (MEXDC) respaldar\u00e1 la transformaci\u00f3n digital del pa\u00eds"},"content":{"rendered":"\n<p><em>Ser\u00e1 el impulso de iniciativas para mejorar la relaci\u00f3n entre los centros de datos y el medio ambiente, con el objetivo de garantizar un ma\u00f1ana m\u00e1s sostenible.<\/em><\/p>\n\n\n\n<p>M\u00e9xico, adem\u00e1s de ser la segunda econom\u00eda m\u00e1s competitiva de Latinoam\u00e9rica y una de las quince m\u00e1s grandes del mundo, es uno de los pa\u00edses que lideran el presente y futuro de la industria de data centers.<\/p>\n\n\n\n<p>La zona del Baj\u00edo, una de las zonas que mayor inter\u00e9s despiertan, ha sido el enclave escogido para la firma del Acta Constitutiva de la Sociedad Civil MEXDC, el pasado 15 de febrero en la ciudad de Santiago de Quer\u00e9taro. Los socios fundadores y promotores son Ascenty, DatacenterDynamics (DCD) , Equinix, Layer9 Data Centers, Odata, Scala Data Centers y KIO.<\/p>\n\n\n\n<p class=\"has-medium-font-size\"><strong>Principales objetivos de MEXDC, la voz de la industria<\/strong><\/p>\n\n\n\n<p><strong>MEXDC actuar\u00e1 como altavoz, como punto de contacto reconocible, de las necesidades de la industria, siendo el interlocutor entre el gobierno, los medios de comunicaci\u00f3n y la sociedad en general<\/strong>, adem\u00e1s de la gesti\u00f3n de las cuestiones en materia de regulaci\u00f3n, pol\u00edtica econ\u00f3mica y social.<\/p>\n\n\n\n<p>Tendr\u00e1 la responsabilidad de <strong>promover y garantizar la imagen y la importancia econ\u00f3mica de la industria de los data centers<\/strong>, tanto a corto como a largo plazo. Adem\u00e1s de asegurar y proteger la posici\u00f3n alcanzada por la industria mexicana de data center en el presente, tambi\u00e9n sentar\u00e1 las bases para el futuro del sector.<\/p>\n\n\n\n<p>Otro de los ejes de actuaci\u00f3n de la Asociaci\u00f3n ser\u00e1 el impulso de <strong>iniciativas para mejorar la relaci\u00f3n entre los centros de datos y el medio ambiente, con el objetivo de garantizar un ma\u00f1ana m\u00e1s sostenible<\/strong>.<\/p>\n\n\n\n<p>Para asegurar la supervivencia de este sector de tal potencial y relevancia para la econom\u00eda y sociedad digital, es fundamental contar con talento humano especializado y capacitado para tener los cimientos adecuados sobre los que consolidar este crecimiento. Para ello, <strong>promover\u00e1n programas de educaci\u00f3n p\u00fablica para el desarrollo de personal cualificado<\/strong>.<\/p>\n\n\n\n<p>La Junta directiva est\u00e1 formada por Amet Novillo (Managing Director Equinix Mexico) como Presidente, Alejandro Cant\u00fa (COO Layer9) como Vicepresidente, Jose Luis Friebel (Managing Director Latam DCD) como Secretario General, Arturo Bravo (Managing Director Ascenty Mexico) como Tesorero, y como vocales Santiago Suinaga (CEO KIO Data Centers), Carlos Forero (Managing Director Latam Odata) y Dax Simpson (Director Expansion Latam Scala).<\/p>\n\n\n\n<p>La junta directiva nombra a Adriana Rivera Cerecedo como Directora Ejecutiva de la Asociaci\u00f3n MEXDC. Adriana es abogada de profesi\u00f3n con 25 a\u00f1os de experiencia en el sector P\u00fablico y m\u00e1s de 9 a\u00f1os en el sector privado, con amplia experiencia en Asociaciones Civiles.<\/p>\n\n\n\n<p>Los \u00faltimos cargos p\u00fablicos de Adriana fueron Subprocuradora de Auditor\u00eda Ambiental y de Recursos Naturales de la PROFEPA y fue secretaria t\u00e9cnica de la Comisi\u00f3n de Cambio Clim\u00e1tico del Senado de la Rep\u00fablica, desde el 2014 se ha desempe\u00f1ado en la pr\u00e1ctica privada.<\/p>\n\n\n\n<p class=\"has-medium-font-size\"><strong>La actividad de la Asociaci\u00f3n estar\u00e1 fundamentada en:<\/strong><\/p>\n\n\n\n<ul class=\"wp-block-list\">\n<li>Elaboraci\u00f3n y difusi\u00f3n de todo tipo de estudios, an\u00e1lisis de mercado, elaborando \u00edndices de actividad, rendimiento, clasificaciones, r\u00e1nkings o mediciones de impacto.<\/li>\n\n\n\n<li>Desarrollo de acciones coordinadas o en colaboraci\u00f3n con cualquier nivel de la administraci\u00f3n para la comprensi\u00f3n y an\u00e1lisis de cualquier cambio normativo, regulatorio u operativo que pueda afectar al sector o sus modelos de negocio.<\/li>\n\n\n\n<li>Colaboraci\u00f3n, bajo cualquier r\u00e9gimen, con la administraci\u00f3n para el lanzamiento o desarrollo de proyectos dirigidos a la adopci\u00f3n o evoluci\u00f3n digital, la migraci\u00f3n a la nube p\u00fablica o la externalizaci\u00f3n de sus data centers.<\/li>\n\n\n\n<li>Celebraci\u00f3n de actos, seminarios o actividades promocionales y de difusi\u00f3n.<\/li>\n\n\n\n<li>Difusi\u00f3n a medios de comunicaci\u00f3n, representantes p\u00fablicos y sociedad en general de todo tipo de conocimiento o posici\u00f3n en cualquier cuesti\u00f3n relevante para la Asociaci\u00f3n.<\/li>\n\n\n\n<li>Participaci\u00f3n en ferias, realizaci\u00f3n de encuentros, suscripci\u00f3n de alianzas internacionales y, en general, cualquier tipo de actividad que implique la defensa del sector, la creaci\u00f3n o captaci\u00f3n de talento, la promoci\u00f3n internacional de los asociados y resto de actores del sector.<\/li>\n<\/ul>\n\n\n\n<p>Puede convertirse en Asociado de MEXDC cualquier empresa de data centers de colocation o hiperescala que operen infraestructuras en la rep\u00fablica mexicana, y como partners puede participar de la misma cualquier compa\u00f1\u00eda del ecosistema de data centers: fabricantes, integradores, distribuidores, ingenier\u00edas, consultoras, etc.<\/p>\n\n\n\n<figure class=\"wp-block-image size-large\"><img fetchpriority=\"high\" decoding=\"async\" width=\"1024\" height=\"436\" src=\"https:\/\/b2v.mx\/media\/wp-content\/uploads\/2023\/04\/mexdc2-1024x436.jpg\" alt=\"\" class=\"wp-image-5051\" srcset=\"https:\/\/b2v.mx\/media\/wp-content\/uploads\/2023\/04\/mexdc2-1024x436.jpg 1024w, https:\/\/b2v.mx\/media\/wp-content\/uploads\/2023\/04\/mexdc2-300x128.jpg 300w, https:\/\/b2v.mx\/media\/wp-content\/uploads\/2023\/04\/mexdc2-768x327.jpg 768w, https:\/\/b2v.mx\/media\/wp-content\/uploads\/2023\/04\/mexdc2-600x255.jpg 600w, https:\/\/b2v.mx\/media\/wp-content\/uploads\/2023\/04\/mexdc2.jpg 1280w\" sizes=\"(max-width: 1024px) 100vw, 1024px\" \/><\/figure>\n","protected":false},"excerpt":{"rendered":"<p>Ser\u00e1 el impulso de iniciativas para mejorar la relaci\u00f3n entre los centros de datos y el medio ambiente, con el objetivo de garantizar un ma\u00f1ana m\u00e1s sostenible. M\u00e9xico, adem\u00e1s de ser la segunda econom\u00eda m\u00e1s competitiva de Latinoam\u00e9rica y una de las quince m\u00e1s grandes del mundo, es uno de los pa\u00edses que lideran el [&hellip;]<\/p>\n","protected":false},"author":3,"featured_media":5050,"comment_status":"open","ping_status":"open","sticky":false,"template":"","format":"standard","meta":{"_eb_attr":"","_monsterinsights_skip_tracking":false,"_monsterinsights_sitenote_active":false,"_monsterinsights_sitenote_note":"","_monsterinsights_sitenote_category":0,"site-sidebar-layout":"default","site-content-layout":"","ast-site-content-layout":"","site-content-style":"default","site-sidebar-style":"default","ast-global-header-display":"","ast-banner-title-visibility":"","ast-main-header-display":"","ast-hfb-above-header-display":"","ast-hfb-below-header-display":"","ast-hfb-mobile-header-display":"","site-post-title":"","ast-breadcrumbs-content":"","ast-featured-img":"","footer-sml-layout":"","theme-transparent-header-meta":"","adv-header-id-meta":"","stick-header-meta":"","header-above-stick-meta":"","header-main-stick-meta":"","header-below-stick-meta":"","astra-migrate-meta-layouts":"default","ast-page-background-enabled":"default","ast-page-background-meta":{"desktop":{"background-color":"","background-image":"","background-repeat":"repeat","background-position":"center center","background-size":"auto","background-attachment":"scroll","background-type":"","background-media":"","overlay-type":"","overlay-color":"","overlay-opacity":"","overlay-gradient":""},"tablet":{"background-color":"","background-image":"","background-repeat":"repeat","background-position":"center center","background-size":"auto","background-attachment":"scroll","background-type":"","background-media":"","overlay-type":"","overlay-color":"","overlay-opacity":"","overlay-gradient":""},"mobile":{"background-color":"","background-image":"","background-repeat":"repeat","background-position":"center center","background-size":"auto","background-attachment":"scroll","background-type":"","background-media":"","overlay-type":"","overlay-color":"","overlay-opacity":"","overlay-gradient":""}},"ast-content-background-meta":{"desktop":{"background-color":"var(--ast-global-color-5)","background-image":"","background-repeat":"repeat","background-position":"center center","background-size":"auto","background-attachment":"scroll","background-type":"","background-media":"","overlay-type":"","overlay-color":"","overlay-opacity":"","overlay-gradient":""},"tablet":{"background-color":"var(--ast-global-color-5)","background-image":"","background-repeat":"repeat","background-position":"center center","background-size":"auto","background-attachment":"scroll","background-type":"","background-media":"","overlay-type":"","overlay-color":"","overlay-opacity":"","overlay-gradient":""},"mobile":{"background-color":"var(--ast-global-color-5)","background-image":"","background-repeat":"repeat","background-position":"center center","background-size":"auto","background-attachment":"scroll","background-type":"","background-media":"","overlay-type":"","overlay-color":"","overlay-opacity":"","overlay-gradient":""}},"footnotes":"","_wpscppro_dont_share_socialmedia":false,"_wpscppro_custom_social_share_image":0,"_facebook_share_type":"","_twitter_share_type":"","_linkedin_share_type":"","_pinterest_share_type":"","_linkedin_share_type_page":"","_instagram_share_type":"","_medium_share_type":"","_threads_share_type":"","_selected_social_profile":[],"_wpsp_enable_custom_social_template":false,"_wpsp_social_scheduling":{"enabled":false,"datetime":null,"platforms":[],"status":"template_only","dateOption":"today","timeOption":"now","customDays":"","customHours":"","customDate":"","customTime":"","schedulingType":"absolute"},"_wpsp_active_default_template":true},"categories":[21],"tags":[],"class_list":["post-5049","post","type-post","status-publish","format-standard","has-post-thumbnail","hentry","category-industria"],"yoast_head":"<!-- This site is optimized with the Yoast SEO plugin v27.5 - https:\/\/yoast.com\/product\/yoast-seo-wordpress\/ -->\n<title>La Asociaci\u00f3n Mexicana de Data Centers (MEXDC) respaldar\u00e1 la transformaci\u00f3n digital del pa\u00eds - B2V Media<\/title>\n<meta name=\"description\" content=\"Ser\u00e1 el impulso de iniciativas para mejorar la relaci\u00f3n entre los centros de datos y el medio ambiente, con el objetivo de garantizar un ma\u00f1ana m\u00e1s sostenible.\" \/>\n<meta name=\"robots\" content=\"index, follow, max-snippet:-1, max-image-preview:large, max-video-preview:-1\" \/>\n<link rel=\"canonical\" href=\"https:\/\/b2v.mx\/media\/la-asociacion-mexicana-de-data-centers-mexdc-respaldara-la-transformacion-digital-del-pais\/\" \/>\n<meta property=\"og:locale\" content=\"es_ES\" \/>\n<meta property=\"og:type\" content=\"article\" \/>\n<meta property=\"og:title\" content=\"La Asociaci\u00f3n Mexicana de Data Centers (MEXDC) respaldar\u00e1 la transformaci\u00f3n digital del pa\u00eds - B2V Media\" \/>\n<meta property=\"og:description\" content=\"Ser\u00e1 el impulso de iniciativas para mejorar la relaci\u00f3n entre los centros de datos y el medio ambiente, con el objetivo de garantizar un ma\u00f1ana m\u00e1s sostenible.\" \/>\n<meta property=\"og:url\" content=\"https:\/\/b2v.mx\/media\/la-asociacion-mexicana-de-data-centers-mexdc-respaldara-la-transformacion-digital-del-pais\/\" \/>\n<meta property=\"og:site_name\" content=\"B2V Media\" \/>\n<meta property=\"article:publisher\" content=\"https:\/\/www.facebook.com\/b2vmx\" \/>\n<meta property=\"article:author\" content=\"https:\/\/facebook.com\/b2vmx\" \/>\n<meta property=\"article:published_time\" content=\"2023-04-10T17:45:10+00:00\" \/>\n<meta property=\"article:modified_time\" content=\"2023-08-07T04:24:50+00:00\" \/>\n<meta property=\"og:image\" content=\"https:\/\/i0.wp.com\/b2v.mx\/media\/wp-content\/uploads\/2023\/04\/mexdc1.jpg?fit=710%2C380&ssl=1\" \/>\n\t<meta property=\"og:image:width\" content=\"710\" \/>\n\t<meta property=\"og:image:height\" content=\"380\" \/>\n\t<meta property=\"og:image:type\" content=\"image\/jpeg\" \/>\n<meta name=\"author\" content=\"Editor\" \/>\n<meta name=\"twitter:card\" content=\"summary_large_image\" \/>\n<meta name=\"twitter:creator\" content=\"@https:\/\/www.twitter.com\/b2vmx\" \/>\n<meta name=\"twitter:site\" content=\"@b2v_mx\" \/>\n<meta name=\"twitter:label1\" content=\"Escrito por\" \/>\n\t<meta name=\"twitter:data1\" content=\"Editor\" \/>\n\t<meta name=\"twitter:label2\" content=\"Tiempo de lectura\" \/>\n\t<meta name=\"twitter:data2\" content=\"4 minutos\" \/>\n<script type=\"application\/ld+json\" class=\"yoast-schema-graph\">{\"@context\":\"https:\\\/\\\/schema.org\",\"@graph\":[{\"@type\":\"Article\",\"@id\":\"https:\\\/\\\/b2v.mx\\\/media\\\/la-asociacion-mexicana-de-data-centers-mexdc-respaldara-la-transformacion-digital-del-pais\\\/#article\",\"isPartOf\":{\"@id\":\"https:\\\/\\\/b2v.mx\\\/media\\\/la-asociacion-mexicana-de-data-centers-mexdc-respaldara-la-transformacion-digital-del-pais\\\/\"},\"author\":{\"name\":\"Editor\",\"@id\":\"https:\\\/\\\/b2v.mx\\\/media\\\/#\\\/schema\\\/person\\\/19975bd0e669232f9c601ca6a3879095\"},\"headline\":\"La Asociaci\u00f3n Mexicana de Data Centers (MEXDC) respaldar\u00e1 la transformaci\u00f3n digital del pa\u00eds\",\"datePublished\":\"2023-04-10T17:45:10+00:00\",\"dateModified\":\"2023-08-07T04:24:50+00:00\",\"mainEntityOfPage\":{\"@id\":\"https:\\\/\\\/b2v.mx\\\/media\\\/la-asociacion-mexicana-de-data-centers-mexdc-respaldara-la-transformacion-digital-del-pais\\\/\"},\"wordCount\":775,\"commentCount\":0,\"publisher\":{\"@id\":\"https:\\\/\\\/b2v.mx\\\/media\\\/#organization\"},\"image\":{\"@id\":\"https:\\\/\\\/b2v.mx\\\/media\\\/la-asociacion-mexicana-de-data-centers-mexdc-respaldara-la-transformacion-digital-del-pais\\\/#primaryimage\"},\"thumbnailUrl\":\"https:\\\/\\\/b2v.mx\\\/media\\\/wp-content\\\/uploads\\\/2023\\\/04\\\/mexdc1.jpg\",\"articleSection\":[\"Industria\"],\"inLanguage\":\"es\",\"potentialAction\":[{\"@type\":\"CommentAction\",\"name\":\"Comment\",\"target\":[\"https:\\\/\\\/b2v.mx\\\/media\\\/la-asociacion-mexicana-de-data-centers-mexdc-respaldara-la-transformacion-digital-del-pais\\\/#respond\"]}]},{\"@type\":\"WebPage\",\"@id\":\"https:\\\/\\\/b2v.mx\\\/media\\\/la-asociacion-mexicana-de-data-centers-mexdc-respaldara-la-transformacion-digital-del-pais\\\/\",\"url\":\"https:\\\/\\\/b2v.mx\\\/media\\\/la-asociacion-mexicana-de-data-centers-mexdc-respaldara-la-transformacion-digital-del-pais\\\/\",\"name\":\"La Asociaci\u00f3n Mexicana de Data Centers (MEXDC) respaldar\u00e1 la transformaci\u00f3n digital del pa\u00eds - B2V Media\",\"isPartOf\":{\"@id\":\"https:\\\/\\\/b2v.mx\\\/media\\\/#website\"},\"primaryImageOfPage\":{\"@id\":\"https:\\\/\\\/b2v.mx\\\/media\\\/la-asociacion-mexicana-de-data-centers-mexdc-respaldara-la-transformacion-digital-del-pais\\\/#primaryimage\"},\"image\":{\"@id\":\"https:\\\/\\\/b2v.mx\\\/media\\\/la-asociacion-mexicana-de-data-centers-mexdc-respaldara-la-transformacion-digital-del-pais\\\/#primaryimage\"},\"thumbnailUrl\":\"https:\\\/\\\/b2v.mx\\\/media\\\/wp-content\\\/uploads\\\/2023\\\/04\\\/mexdc1.jpg\",\"datePublished\":\"2023-04-10T17:45:10+00:00\",\"dateModified\":\"2023-08-07T04:24:50+00:00\",\"description\":\"Ser\u00e1 el impulso de iniciativas para mejorar la relaci\u00f3n entre los centros de datos y el medio ambiente, con el objetivo de garantizar un ma\u00f1ana m\u00e1s sostenible.\",\"inLanguage\":\"es\",\"potentialAction\":[{\"@type\":\"ReadAction\",\"target\":[\"https:\\\/\\\/b2v.mx\\\/media\\\/la-asociacion-mexicana-de-data-centers-mexdc-respaldara-la-transformacion-digital-del-pais\\\/\"]}]},{\"@type\":\"ImageObject\",\"inLanguage\":\"es\",\"@id\":\"https:\\\/\\\/b2v.mx\\\/media\\\/la-asociacion-mexicana-de-data-centers-mexdc-respaldara-la-transformacion-digital-del-pais\\\/#primaryimage\",\"url\":\"https:\\\/\\\/b2v.mx\\\/media\\\/wp-content\\\/uploads\\\/2023\\\/04\\\/mexdc1.jpg\",\"contentUrl\":\"https:\\\/\\\/b2v.mx\\\/media\\\/wp-content\\\/uploads\\\/2023\\\/04\\\/mexdc1.jpg\",\"width\":710,\"height\":380},{\"@type\":\"WebSite\",\"@id\":\"https:\\\/\\\/b2v.mx\\\/media\\\/#website\",\"url\":\"https:\\\/\\\/b2v.mx\\\/media\\\/\",\"name\":\"B2V Media\",\"description\":\"Sitio de Contenidos de Negocios\",\"publisher\":{\"@id\":\"https:\\\/\\\/b2v.mx\\\/media\\\/#organization\"},\"alternateName\":\"B2V MX\",\"potentialAction\":[{\"@type\":\"SearchAction\",\"target\":{\"@type\":\"EntryPoint\",\"urlTemplate\":\"https:\\\/\\\/b2v.mx\\\/media\\\/?s={search_term_string}\"},\"query-input\":{\"@type\":\"PropertyValueSpecification\",\"valueRequired\":true,\"valueName\":\"search_term_string\"}}],\"inLanguage\":\"es\"},{\"@type\":\"Organization\",\"@id\":\"https:\\\/\\\/b2v.mx\\\/media\\\/#organization\",\"name\":\"B2V Media\",\"alternateName\":\"B2V MX\",\"url\":\"https:\\\/\\\/b2v.mx\\\/media\\\/\",\"logo\":{\"@type\":\"ImageObject\",\"inLanguage\":\"es\",\"@id\":\"https:\\\/\\\/b2v.mx\\\/media\\\/#\\\/schema\\\/logo\\\/image\\\/\",\"url\":\"https:\\\/\\\/b2v.mx\\\/media\\\/wp-content\\\/uploads\\\/2023\\\/01\\\/cropped-Logos_Mesa-de-trabajo-1-e1754716517695.png\",\"contentUrl\":\"https:\\\/\\\/b2v.mx\\\/media\\\/wp-content\\\/uploads\\\/2023\\\/01\\\/cropped-Logos_Mesa-de-trabajo-1-e1754716517695.png\",\"width\":250,\"height\":151,\"caption\":\"B2V Media\"},\"image\":{\"@id\":\"https:\\\/\\\/b2v.mx\\\/media\\\/#\\\/schema\\\/logo\\\/image\\\/\"},\"sameAs\":[\"https:\\\/\\\/www.facebook.com\\\/b2vmx\",\"https:\\\/\\\/x.com\\\/b2v_mx\",\"https:\\\/\\\/www.instagram.com\\\/b2vmx\\\/\",\"https:\\\/\\\/linkedin.com\\\/business\\\/b2vmx\"]},{\"@type\":\"Person\",\"@id\":\"https:\\\/\\\/b2v.mx\\\/media\\\/#\\\/schema\\\/person\\\/19975bd0e669232f9c601ca6a3879095\",\"name\":\"Editor\",\"image\":{\"@type\":\"ImageObject\",\"inLanguage\":\"es\",\"@id\":\"https:\\\/\\\/secure.gravatar.com\\\/avatar\\\/20af5fb450db1167afd101d6b4d43d4c1fb63be46f1e3adcfeb12b0ffd4b44bf?s=96&d=mm&r=g\",\"url\":\"https:\\\/\\\/secure.gravatar.com\\\/avatar\\\/20af5fb450db1167afd101d6b4d43d4c1fb63be46f1e3adcfeb12b0ffd4b44bf?s=96&d=mm&r=g\",\"contentUrl\":\"https:\\\/\\\/secure.gravatar.com\\\/avatar\\\/20af5fb450db1167afd101d6b4d43d4c1fb63be46f1e3adcfeb12b0ffd4b44bf?s=96&d=mm&r=g\",\"caption\":\"Editor\"},\"sameAs\":[\"https:\\\/\\\/b2v.mx\",\"https:\\\/\\\/facebook.com\\\/b2vmx\",\"https:\\\/\\\/www.instagram.com\\\/b2vmx\",\"https:\\\/\\\/www.linkedin.com\\\/company\\\/b2vmx\",\"https:\\\/\\\/x.com\\\/https:\\\/\\\/www.twitter.com\\\/b2vmx\",\"https:\\\/\\\/www.youtube.com\\\/@B2Vyoutube\"],\"url\":\"https:\\\/\\\/b2v.mx\\\/media\\\/author\\\/editor\\\/\"}]}<\/script>\n<!-- \/ Yoast SEO plugin. -->","yoast_head_json":{"title":"La Asociaci\u00f3n Mexicana de Data Centers (MEXDC) respaldar\u00e1 la transformaci\u00f3n digital del pa\u00eds - B2V Media","description":"Ser\u00e1 el impulso de iniciativas para mejorar la relaci\u00f3n entre los centros de datos y el medio ambiente, con el objetivo de garantizar un ma\u00f1ana m\u00e1s sostenible.","robots":{"index":"index","follow":"follow","max-snippet":"max-snippet:-1","max-image-preview":"max-image-preview:large","max-video-preview":"max-video-preview:-1"},"canonical":"https:\/\/b2v.mx\/media\/la-asociacion-mexicana-de-data-centers-mexdc-respaldara-la-transformacion-digital-del-pais\/","og_locale":"es_ES","og_type":"article","og_title":"La Asociaci\u00f3n Mexicana de Data Centers (MEXDC) respaldar\u00e1 la transformaci\u00f3n digital del pa\u00eds - B2V Media","og_description":"Ser\u00e1 el impulso de iniciativas para mejorar la relaci\u00f3n entre los centros de datos y el medio ambiente, con el objetivo de garantizar un ma\u00f1ana m\u00e1s sostenible.","og_url":"https:\/\/b2v.mx\/media\/la-asociacion-mexicana-de-data-centers-mexdc-respaldara-la-transformacion-digital-del-pais\/","og_site_name":"B2V Media","article_publisher":"https:\/\/www.facebook.com\/b2vmx","article_author":"https:\/\/facebook.com\/b2vmx","article_published_time":"2023-04-10T17:45:10+00:00","article_modified_time":"2023-08-07T04:24:50+00:00","og_image":[{"width":710,"height":380,"url":"https:\/\/i0.wp.com\/b2v.mx\/media\/wp-content\/uploads\/2023\/04\/mexdc1.jpg?fit=710%2C380&ssl=1","type":"image\/jpeg"}],"author":"Editor","twitter_card":"summary_large_image","twitter_creator":"@https:\/\/www.twitter.com\/b2vmx","twitter_site":"@b2v_mx","twitter_misc":{"Escrito por":"Editor","Tiempo de lectura":"4 minutos"},"schema":{"@context":"https:\/\/schema.org","@graph":[{"@type":"Article","@id":"https:\/\/b2v.mx\/media\/la-asociacion-mexicana-de-data-centers-mexdc-respaldara-la-transformacion-digital-del-pais\/#article","isPartOf":{"@id":"https:\/\/b2v.mx\/media\/la-asociacion-mexicana-de-data-centers-mexdc-respaldara-la-transformacion-digital-del-pais\/"},"author":{"name":"Editor","@id":"https:\/\/b2v.mx\/media\/#\/schema\/person\/19975bd0e669232f9c601ca6a3879095"},"headline":"La Asociaci\u00f3n Mexicana de Data Centers (MEXDC) respaldar\u00e1 la transformaci\u00f3n digital del pa\u00eds","datePublished":"2023-04-10T17:45:10+00:00","dateModified":"2023-08-07T04:24:50+00:00","mainEntityOfPage":{"@id":"https:\/\/b2v.mx\/media\/la-asociacion-mexicana-de-data-centers-mexdc-respaldara-la-transformacion-digital-del-pais\/"},"wordCount":775,"commentCount":0,"publisher":{"@id":"https:\/\/b2v.mx\/media\/#organization"},"image":{"@id":"https:\/\/b2v.mx\/media\/la-asociacion-mexicana-de-data-centers-mexdc-respaldara-la-transformacion-digital-del-pais\/#primaryimage"},"thumbnailUrl":"https:\/\/b2v.mx\/media\/wp-content\/uploads\/2023\/04\/mexdc1.jpg","articleSection":["Industria"],"inLanguage":"es","potentialAction":[{"@type":"CommentAction","name":"Comment","target":["https:\/\/b2v.mx\/media\/la-asociacion-mexicana-de-data-centers-mexdc-respaldara-la-transformacion-digital-del-pais\/#respond"]}]},{"@type":"WebPage","@id":"https:\/\/b2v.mx\/media\/la-asociacion-mexicana-de-data-centers-mexdc-respaldara-la-transformacion-digital-del-pais\/","url":"https:\/\/b2v.mx\/media\/la-asociacion-mexicana-de-data-centers-mexdc-respaldara-la-transformacion-digital-del-pais\/","name":"La Asociaci\u00f3n Mexicana de Data Centers (MEXDC) respaldar\u00e1 la transformaci\u00f3n digital del pa\u00eds - B2V Media","isPartOf":{"@id":"https:\/\/b2v.mx\/media\/#website"},"primaryImageOfPage":{"@id":"https:\/\/b2v.mx\/media\/la-asociacion-mexicana-de-data-centers-mexdc-respaldara-la-transformacion-digital-del-pais\/#primaryimage"},"image":{"@id":"https:\/\/b2v.mx\/media\/la-asociacion-mexicana-de-data-centers-mexdc-respaldara-la-transformacion-digital-del-pais\/#primaryimage"},"thumbnailUrl":"https:\/\/b2v.mx\/media\/wp-content\/uploads\/2023\/04\/mexdc1.jpg","datePublished":"2023-04-10T17:45:10+00:00","dateModified":"2023-08-07T04:24:50+00:00","description":"Ser\u00e1 el impulso de iniciativas para mejorar la relaci\u00f3n entre los centros de datos y el medio ambiente, con el objetivo de garantizar un ma\u00f1ana m\u00e1s sostenible.","inLanguage":"es","potentialAction":[{"@type":"ReadAction","target":["https:\/\/b2v.mx\/media\/la-asociacion-mexicana-de-data-centers-mexdc-respaldara-la-transformacion-digital-del-pais\/"]}]},{"@type":"ImageObject","inLanguage":"es","@id":"https:\/\/b2v.mx\/media\/la-asociacion-mexicana-de-data-centers-mexdc-respaldara-la-transformacion-digital-del-pais\/#primaryimage","url":"https:\/\/b2v.mx\/media\/wp-content\/uploads\/2023\/04\/mexdc1.jpg","contentUrl":"https:\/\/b2v.mx\/media\/wp-content\/uploads\/2023\/04\/mexdc1.jpg","width":710,"height":380},{"@type":"WebSite","@id":"https:\/\/b2v.mx\/media\/#website","url":"https:\/\/b2v.mx\/media\/","name":"B2V Media","description":"Sitio de Contenidos de Negocios","publisher":{"@id":"https:\/\/b2v.mx\/media\/#organization"},"alternateName":"B2V MX","potentialAction":[{"@type":"SearchAction","target":{"@type":"EntryPoint","urlTemplate":"https:\/\/b2v.mx\/media\/?s={search_term_string}"},"query-input":{"@type":"PropertyValueSpecification","valueRequired":true,"valueName":"search_term_string"}}],"inLanguage":"es"},{"@type":"Organization","@id":"https:\/\/b2v.mx\/media\/#organization","name":"B2V Media","alternateName":"B2V MX","url":"https:\/\/b2v.mx\/media\/","logo":{"@type":"ImageObject","inLanguage":"es","@id":"https:\/\/b2v.mx\/media\/#\/schema\/logo\/image\/","url":"https:\/\/b2v.mx\/media\/wp-content\/uploads\/2023\/01\/cropped-Logos_Mesa-de-trabajo-1-e1754716517695.png","contentUrl":"https:\/\/b2v.mx\/media\/wp-content\/uploads\/2023\/01\/cropped-Logos_Mesa-de-trabajo-1-e1754716517695.png","width":250,"height":151,"caption":"B2V Media"},"image":{"@id":"https:\/\/b2v.mx\/media\/#\/schema\/logo\/image\/"},"sameAs":["https:\/\/www.facebook.com\/b2vmx","https:\/\/x.com\/b2v_mx","https:\/\/www.instagram.com\/b2vmx\/","https:\/\/linkedin.com\/business\/b2vmx"]},{"@type":"Person","@id":"https:\/\/b2v.mx\/media\/#\/schema\/person\/19975bd0e669232f9c601ca6a3879095","name":"Editor","image":{"@type":"ImageObject","inLanguage":"es","@id":"https:\/\/secure.gravatar.com\/avatar\/20af5fb450db1167afd101d6b4d43d4c1fb63be46f1e3adcfeb12b0ffd4b44bf?s=96&d=mm&r=g","url":"https:\/\/secure.gravatar.com\/avatar\/20af5fb450db1167afd101d6b4d43d4c1fb63be46f1e3adcfeb12b0ffd4b44bf?s=96&d=mm&r=g","contentUrl":"https:\/\/secure.gravatar.com\/avatar\/20af5fb450db1167afd101d6b4d43d4c1fb63be46f1e3adcfeb12b0ffd4b44bf?s=96&d=mm&r=g","caption":"Editor"},"sameAs":["https:\/\/b2v.mx","https:\/\/facebook.com\/b2vmx","https:\/\/www.instagram.com\/b2vmx","https:\/\/www.linkedin.com\/company\/b2vmx","https:\/\/x.com\/https:\/\/www.twitter.com\/b2vmx","https:\/\/www.youtube.com\/@B2Vyoutube"],"url":"https:\/\/b2v.mx\/media\/author\/editor\/"}]}},"_links":{"self":[{"href":"https:\/\/b2v.mx\/media\/wp-json\/wp\/v2\/posts\/5049","targetHints":{"allow":["GET"]}}],"collection":[{"href":"https:\/\/b2v.mx\/media\/wp-json\/wp\/v2\/posts"}],"about":[{"href":"https:\/\/b2v.mx\/media\/wp-json\/wp\/v2\/types\/post"}],"author":[{"embeddable":true,"href":"https:\/\/b2v.mx\/media\/wp-json\/wp\/v2\/users\/3"}],"replies":[{"embeddable":true,"href":"https:\/\/b2v.mx\/media\/wp-json\/wp\/v2\/comments?post=5049"}],"version-history":[{"count":1,"href":"https:\/\/b2v.mx\/media\/wp-json\/wp\/v2\/posts\/5049\/revisions"}],"predecessor-version":[{"id":5052,"href":"https:\/\/b2v.mx\/media\/wp-json\/wp\/v2\/posts\/5049\/revisions\/5052"}],"wp:featuredmedia":[{"embeddable":true,"href":"https:\/\/b2v.mx\/media\/wp-json\/wp\/v2\/media\/5050"}],"wp:attachment":[{"href":"https:\/\/b2v.mx\/media\/wp-json\/wp\/v2\/media?parent=5049"}],"wp:term":[{"taxonomy":"category","embeddable":true,"href":"https:\/\/b2v.mx\/media\/wp-json\/wp\/v2\/categories?post=5049"},{"taxonomy":"post_tag","embeddable":true,"href":"https:\/\/b2v.mx\/media\/wp-json\/wp\/v2\/tags?post=5049"}],"curies":[{"name":"wp","href":"https:\/\/api.w.org\/{rel}","templated":true}]}}