{"id":7451,"date":"2023-10-25T12:00:00","date_gmt":"2023-10-25T18:00:00","guid":{"rendered":"https:\/\/b2v.mx\/media\/?p=7451"},"modified":"2024-02-07T20:11:37","modified_gmt":"2024-02-08T02:11:37","slug":"volkswagen-aumenta-venta-de-vehiculos-electricos-a-nivel-mundial","status":"publish","type":"post","link":"https:\/\/b2v.mx\/media\/volkswagen-aumenta-venta-de-vehiculos-electricos-a-nivel-mundial\/","title":{"rendered":"Volkswagen aumenta venta de veh\u00edculos el\u00e9ctricos a nivel mundial"},"content":{"rendered":"\n<p>Durante los primeros nueve meses de este 2023, Grupo Volkswagen aument\u00f3 45 por ciento las entregas de veh\u00edculos el\u00e9ctricos (BEV) hasta alcanzar las 531 mil 500 unidades en todo el mundo.<\/p>\n\n\n\n<p>Este incremento elev\u00f3 la cuota de BEV del total de entregas al 7, 9 por ciento tras el 6,1 por ciento del per\u00edodo del a\u00f1o anterior con 366 mil 600 unidades. S\u00f3lo en el tercer trimestre, la cuota de BEV aument\u00f3 hasta el 9 por ciento, frente al 6,8 por ciento de hace un a\u00f1o.<\/p>\n\n\n\n<blockquote class=\"wp-block-quote is-layout-flow wp-block-quote-is-layout-flow\">\n<p> \u00bb A pesar de la actual reticencia general del mercado europeo a comprar veh\u00edculos impulsados por bater\u00edas, ganamos cuota de mercado y seguimos siendo l\u00edderes en este segmento. Sin embargo, nuestra entrada de pedidos est\u00e1 por debajo de nuestros ambiciosos objetivos debido a la tendencia general del mercado, m\u00e1s baja de lo esperado\u201d.<\/p>\n<cite>Hildegard Wortmann, miembro del Consejo Ejecutivo Ampliado de Ventas de Grupo Volkswagen<\/cite><\/blockquote>\n\n\n\n<h4 class=\"wp-block-heading\">PA\u00cdSES CLAVE PARA VOLKSWAGEN<\/h4>\n\n\n\n<p>Europa sigui\u00f3 siendo el motor clave de la estrategia de electrificaci\u00f3n del Grupo Volkswagen con un aumento del 61 por ciento hasta 341 mil 100 BEV (enero-septiembre de 2022: 211.900).<\/p>\n\n\n\n<p>Por su parte, las entregas de BEV aumentaron un 74 por ciento hasta 50 mil 300 unidades en Estados Unidos superando las 28 mil 900 unidades del 2022.<\/p>\n\n\n\n<p>En cuanto a China, se rebasaron los niveles del a\u00f1o anterior con un incremento del 4 por ciento con 117 mil 100 unidades frente a las 112 mil 700 de 2022.<\/p>\n\n\n\n<p>La marca Volkswagen veh\u00edculos para pasajeros entreg\u00f3 273 mil veh\u00edculos el\u00e9ctricos a finales de septiembre, algo m\u00e1s de la mitad de todos los BEV del Grupo.<\/p>\n\n\n\n<p>Le siguieron Audi con 123 mil veh\u00edculos (cuota de grupo del 23 por ciento), \u0160KODA con 54 mil 400 veh\u00edculos (cuota de grupo del 10 por ciento), SEAT\/CUPRA con 32 mil 300 veh\u00edculos (cuota de grupo del 6 por ciento), Porsche con 27 mil 900 veh\u00edculos (cuota de grupo del 5 por ciento) y Volkswagen Veh\u00edculos Comerciales con 19 mil 600 veh\u00edculos (cuota de grupo del 4 por ciento).<\/p>\n\n\n\n<h4 class=\"wp-block-heading\"><a href=\"https:\/\/b2v.mx\/media\/2023\/09\/04\/grupo-volkswagen-presenta-nuevos-prototipos-previo-al-iaa-2023\/\">PODR\u00cdA INTERESARTE: Grupo Volkswagen presenta nuevos prototipos previo al IAA 2023<\/a><\/h4>\n","protected":false},"excerpt":{"rendered":"<p>Durante los primeros nueve meses de este 2023, Grupo Volkswagen aument\u00f3 45 por ciento las entregas de veh\u00edculos el\u00e9ctricos (BEV) hasta alcanzar las 531 mil 500 unidades en todo el mundo. Este incremento elev\u00f3 la cuota de BEV del total de entregas al 7, 9 por ciento tras el 6,1 por ciento del per\u00edodo del [&hellip;]<\/p>\n","protected":false},"author":3,"featured_media":7452,"comment_status":"open","ping_status":"open","sticky":false,"template":"","format":"standard","meta":{"_eb_attr":"","_monsterinsights_skip_tracking":false,"_monsterinsights_sitenote_active":false,"_monsterinsights_sitenote_note":"","_monsterinsights_sitenote_category":0,"site-sidebar-layout":"default","site-content-layout":"","ast-site-content-layout":"default","site-content-style":"default","site-sidebar-style":"default","ast-global-header-display":"","ast-banner-title-visibility":"","ast-main-header-display":"","ast-hfb-above-header-display":"","ast-hfb-below-header-display":"","ast-hfb-mobile-header-display":"","site-post-title":"","ast-breadcrumbs-content":"","ast-featured-img":"","footer-sml-layout":"","theme-transparent-header-meta":"","adv-header-id-meta":"","stick-header-meta":"","header-above-stick-meta":"","header-main-stick-meta":"","header-below-stick-meta":"","astra-migrate-meta-layouts":"set","ast-page-background-enabled":"default","ast-page-background-meta":{"desktop":{"background-color":"","background-image":"","background-repeat":"repeat","background-position":"center center","background-size":"auto","background-attachment":"scroll","background-type":"","background-media":"","overlay-type":"","overlay-color":"","overlay-opacity":"","overlay-gradient":""},"tablet":{"background-color":"","background-image":"","background-repeat":"repeat","background-position":"center center","background-size":"auto","background-attachment":"scroll","background-type":"","background-media":"","overlay-type":"","overlay-color":"","overlay-opacity":"","overlay-gradient":""},"mobile":{"background-color":"","background-image":"","background-repeat":"repeat","background-position":"center center","background-size":"auto","background-attachment":"scroll","background-type":"","background-media":"","overlay-type":"","overlay-color":"","overlay-opacity":"","overlay-gradient":""}},"ast-content-background-meta":{"desktop":{"background-color":"var(--ast-global-color-5)","background-image":"","background-repeat":"repeat","background-position":"center center","background-size":"auto","background-attachment":"scroll","background-type":"","background-media":"","overlay-type":"","overlay-color":"","overlay-opacity":"","overlay-gradient":""},"tablet":{"background-color":"var(--ast-global-color-5)","background-image":"","background-repeat":"repeat","background-position":"center center","background-size":"auto","background-attachment":"scroll","background-type":"","background-media":"","overlay-type":"","overlay-color":"","overlay-opacity":"","overlay-gradient":""},"mobile":{"background-color":"var(--ast-global-color-5)","background-image":"","background-repeat":"repeat","background-position":"center center","background-size":"auto","background-attachment":"scroll","background-type":"","background-media":"","overlay-type":"","overlay-color":"","overlay-opacity":"","overlay-gradient":""}},"footnotes":"","_wpscppro_dont_share_socialmedia":false,"_wpscppro_custom_social_share_image":0,"_facebook_share_type":"","_twitter_share_type":"","_linkedin_share_type":"","_pinterest_share_type":"","_linkedin_share_type_page":"","_instagram_share_type":"","_medium_share_type":"","_threads_share_type":"","_selected_social_profile":[],"_wpsp_enable_custom_social_template":false,"_wpsp_social_scheduling":{"enabled":false,"datetime":null,"platforms":[],"status":"template_only","dateOption":"today","timeOption":"now","customDays":"","customHours":"","customDate":"","customTime":"","schedulingType":"absolute"},"_wpsp_active_default_template":true},"categories":[21,53],"tags":[],"class_list":["post-7451","post","type-post","status-publish","format-standard","has-post-thumbnail","hentry","category-industria","category-movilidad"],"yoast_head":"<!-- This site is optimized with the Yoast SEO plugin v27.5 - https:\/\/yoast.com\/product\/yoast-seo-wordpress\/ -->\n<title>Volkswagen aumenta venta de veh\u00edculos el\u00e9ctricos a nivel mundial - B2V Media<\/title>\n<meta name=\"description\" content=\"Volkswagen mantiene a Europa como punto clave de la estrategia de electrificaci\u00f3n con un aumento del 61 por ciento.\" \/>\n<meta name=\"robots\" content=\"index, follow, max-snippet:-1, max-image-preview:large, max-video-preview:-1\" \/>\n<link rel=\"canonical\" href=\"https:\/\/b2v.mx\/media\/volkswagen-aumenta-venta-de-vehiculos-electricos-a-nivel-mundial\/\" \/>\n<meta property=\"og:locale\" content=\"es_ES\" \/>\n<meta property=\"og:type\" content=\"article\" \/>\n<meta property=\"og:title\" content=\"Volkswagen aumenta venta de veh\u00edculos el\u00e9ctricos a nivel mundial - B2V Media\" \/>\n<meta property=\"og:description\" content=\"Volkswagen mantiene a Europa como punto clave de la estrategia de electrificaci\u00f3n con un aumento del 61 por ciento.\" \/>\n<meta property=\"og:url\" content=\"https:\/\/b2v.mx\/media\/volkswagen-aumenta-venta-de-vehiculos-electricos-a-nivel-mundial\/\" \/>\n<meta property=\"og:site_name\" content=\"B2V Media\" \/>\n<meta property=\"article:publisher\" content=\"https:\/\/www.facebook.com\/b2vmx\" \/>\n<meta property=\"article:author\" content=\"https:\/\/facebook.com\/b2vmx\" \/>\n<meta property=\"article:published_time\" content=\"2023-10-25T18:00:00+00:00\" \/>\n<meta property=\"article:modified_time\" content=\"2024-02-08T02:11:37+00:00\" \/>\n<meta property=\"og:image\" content=\"https:\/\/i0.wp.com\/b2v.mx\/media\/wp-content\/uploads\/2023\/10\/Volkswagen-ID.4ID.5.jpg?fit=1200%2C800&ssl=1\" \/>\n\t<meta property=\"og:image:width\" content=\"1200\" \/>\n\t<meta property=\"og:image:height\" content=\"800\" \/>\n\t<meta property=\"og:image:type\" content=\"image\/jpeg\" \/>\n<meta name=\"author\" content=\"Editor\" \/>\n<meta name=\"twitter:card\" content=\"summary_large_image\" \/>\n<meta name=\"twitter:creator\" content=\"@https:\/\/www.twitter.com\/b2vmx\" \/>\n<meta name=\"twitter:site\" content=\"@b2v_mx\" \/>\n<meta name=\"twitter:label1\" content=\"Escrito por\" \/>\n\t<meta name=\"twitter:data1\" content=\"Editor\" \/>\n\t<meta name=\"twitter:label2\" content=\"Tiempo de lectura\" \/>\n\t<meta name=\"twitter:data2\" content=\"2 minutos\" \/>\n<script type=\"application\/ld+json\" class=\"yoast-schema-graph\">{\"@context\":\"https:\\\/\\\/schema.org\",\"@graph\":[{\"@type\":\"Article\",\"@id\":\"https:\\\/\\\/b2v.mx\\\/media\\\/volkswagen-aumenta-venta-de-vehiculos-electricos-a-nivel-mundial\\\/#article\",\"isPartOf\":{\"@id\":\"https:\\\/\\\/b2v.mx\\\/media\\\/volkswagen-aumenta-venta-de-vehiculos-electricos-a-nivel-mundial\\\/\"},\"author\":{\"name\":\"Editor\",\"@id\":\"https:\\\/\\\/b2v.mx\\\/media\\\/#\\\/schema\\\/person\\\/19975bd0e669232f9c601ca6a3879095\"},\"headline\":\"Volkswagen aumenta venta de veh\u00edculos el\u00e9ctricos a nivel mundial\",\"datePublished\":\"2023-10-25T18:00:00+00:00\",\"dateModified\":\"2024-02-08T02:11:37+00:00\",\"mainEntityOfPage\":{\"@id\":\"https:\\\/\\\/b2v.mx\\\/media\\\/volkswagen-aumenta-venta-de-vehiculos-electricos-a-nivel-mundial\\\/\"},\"wordCount\":341,\"commentCount\":0,\"publisher\":{\"@id\":\"https:\\\/\\\/b2v.mx\\\/media\\\/#organization\"},\"image\":{\"@id\":\"https:\\\/\\\/b2v.mx\\\/media\\\/volkswagen-aumenta-venta-de-vehiculos-electricos-a-nivel-mundial\\\/#primaryimage\"},\"thumbnailUrl\":\"https:\\\/\\\/b2v.mx\\\/media\\\/wp-content\\\/uploads\\\/2023\\\/10\\\/Volkswagen-ID.4ID.5.jpg\",\"articleSection\":[\"Industria\",\"Movilidad\"],\"inLanguage\":\"es\",\"potentialAction\":[{\"@type\":\"CommentAction\",\"name\":\"Comment\",\"target\":[\"https:\\\/\\\/b2v.mx\\\/media\\\/volkswagen-aumenta-venta-de-vehiculos-electricos-a-nivel-mundial\\\/#respond\"]}]},{\"@type\":\"WebPage\",\"@id\":\"https:\\\/\\\/b2v.mx\\\/media\\\/volkswagen-aumenta-venta-de-vehiculos-electricos-a-nivel-mundial\\\/\",\"url\":\"https:\\\/\\\/b2v.mx\\\/media\\\/volkswagen-aumenta-venta-de-vehiculos-electricos-a-nivel-mundial\\\/\",\"name\":\"Volkswagen aumenta venta de veh\u00edculos el\u00e9ctricos a nivel mundial - B2V Media\",\"isPartOf\":{\"@id\":\"https:\\\/\\\/b2v.mx\\\/media\\\/#website\"},\"primaryImageOfPage\":{\"@id\":\"https:\\\/\\\/b2v.mx\\\/media\\\/volkswagen-aumenta-venta-de-vehiculos-electricos-a-nivel-mundial\\\/#primaryimage\"},\"image\":{\"@id\":\"https:\\\/\\\/b2v.mx\\\/media\\\/volkswagen-aumenta-venta-de-vehiculos-electricos-a-nivel-mundial\\\/#primaryimage\"},\"thumbnailUrl\":\"https:\\\/\\\/b2v.mx\\\/media\\\/wp-content\\\/uploads\\\/2023\\\/10\\\/Volkswagen-ID.4ID.5.jpg\",\"datePublished\":\"2023-10-25T18:00:00+00:00\",\"dateModified\":\"2024-02-08T02:11:37+00:00\",\"description\":\"Volkswagen mantiene a Europa como punto clave de la estrategia de electrificaci\u00f3n con un aumento del 61 por ciento.\",\"inLanguage\":\"es\",\"potentialAction\":[{\"@type\":\"ReadAction\",\"target\":[\"https:\\\/\\\/b2v.mx\\\/media\\\/volkswagen-aumenta-venta-de-vehiculos-electricos-a-nivel-mundial\\\/\"]}]},{\"@type\":\"ImageObject\",\"inLanguage\":\"es\",\"@id\":\"https:\\\/\\\/b2v.mx\\\/media\\\/volkswagen-aumenta-venta-de-vehiculos-electricos-a-nivel-mundial\\\/#primaryimage\",\"url\":\"https:\\\/\\\/b2v.mx\\\/media\\\/wp-content\\\/uploads\\\/2023\\\/10\\\/Volkswagen-ID.4ID.5.jpg\",\"contentUrl\":\"https:\\\/\\\/b2v.mx\\\/media\\\/wp-content\\\/uploads\\\/2023\\\/10\\\/Volkswagen-ID.4ID.5.jpg\",\"width\":1200,\"height\":800,\"caption\":\"Volkswagen aumenta venta de veh\u00edculos el\u00e9ctricos a nivel mundial\"},{\"@type\":\"WebSite\",\"@id\":\"https:\\\/\\\/b2v.mx\\\/media\\\/#website\",\"url\":\"https:\\\/\\\/b2v.mx\\\/media\\\/\",\"name\":\"B2V Media\",\"description\":\"Sitio de Contenidos de Negocios\",\"publisher\":{\"@id\":\"https:\\\/\\\/b2v.mx\\\/media\\\/#organization\"},\"alternateName\":\"B2V MX\",\"potentialAction\":[{\"@type\":\"SearchAction\",\"target\":{\"@type\":\"EntryPoint\",\"urlTemplate\":\"https:\\\/\\\/b2v.mx\\\/media\\\/?s={search_term_string}\"},\"query-input\":{\"@type\":\"PropertyValueSpecification\",\"valueRequired\":true,\"valueName\":\"search_term_string\"}}],\"inLanguage\":\"es\"},{\"@type\":\"Organization\",\"@id\":\"https:\\\/\\\/b2v.mx\\\/media\\\/#organization\",\"name\":\"B2V Media\",\"alternateName\":\"B2V MX\",\"url\":\"https:\\\/\\\/b2v.mx\\\/media\\\/\",\"logo\":{\"@type\":\"ImageObject\",\"inLanguage\":\"es\",\"@id\":\"https:\\\/\\\/b2v.mx\\\/media\\\/#\\\/schema\\\/logo\\\/image\\\/\",\"url\":\"https:\\\/\\\/b2v.mx\\\/media\\\/wp-content\\\/uploads\\\/2023\\\/01\\\/cropped-Logos_Mesa-de-trabajo-1-e1754716517695.png\",\"contentUrl\":\"https:\\\/\\\/b2v.mx\\\/media\\\/wp-content\\\/uploads\\\/2023\\\/01\\\/cropped-Logos_Mesa-de-trabajo-1-e1754716517695.png\",\"width\":250,\"height\":151,\"caption\":\"B2V Media\"},\"image\":{\"@id\":\"https:\\\/\\\/b2v.mx\\\/media\\\/#\\\/schema\\\/logo\\\/image\\\/\"},\"sameAs\":[\"https:\\\/\\\/www.facebook.com\\\/b2vmx\",\"https:\\\/\\\/x.com\\\/b2v_mx\",\"https:\\\/\\\/www.instagram.com\\\/b2vmx\\\/\",\"https:\\\/\\\/linkedin.com\\\/business\\\/b2vmx\"]},{\"@type\":\"Person\",\"@id\":\"https:\\\/\\\/b2v.mx\\\/media\\\/#\\\/schema\\\/person\\\/19975bd0e669232f9c601ca6a3879095\",\"name\":\"Editor\",\"image\":{\"@type\":\"ImageObject\",\"inLanguage\":\"es\",\"@id\":\"https:\\\/\\\/secure.gravatar.com\\\/avatar\\\/20af5fb450db1167afd101d6b4d43d4c1fb63be46f1e3adcfeb12b0ffd4b44bf?s=96&d=mm&r=g\",\"url\":\"https:\\\/\\\/secure.gravatar.com\\\/avatar\\\/20af5fb450db1167afd101d6b4d43d4c1fb63be46f1e3adcfeb12b0ffd4b44bf?s=96&d=mm&r=g\",\"contentUrl\":\"https:\\\/\\\/secure.gravatar.com\\\/avatar\\\/20af5fb450db1167afd101d6b4d43d4c1fb63be46f1e3adcfeb12b0ffd4b44bf?s=96&d=mm&r=g\",\"caption\":\"Editor\"},\"sameAs\":[\"https:\\\/\\\/b2v.mx\",\"https:\\\/\\\/facebook.com\\\/b2vmx\",\"https:\\\/\\\/www.instagram.com\\\/b2vmx\",\"https:\\\/\\\/www.linkedin.com\\\/company\\\/b2vmx\",\"https:\\\/\\\/x.com\\\/https:\\\/\\\/www.twitter.com\\\/b2vmx\",\"https:\\\/\\\/www.youtube.com\\\/@B2Vyoutube\"],\"url\":\"https:\\\/\\\/b2v.mx\\\/media\\\/author\\\/editor\\\/\"}]}<\/script>\n<!-- \/ Yoast SEO plugin. -->","yoast_head_json":{"title":"Volkswagen aumenta venta de veh\u00edculos el\u00e9ctricos a nivel mundial - B2V Media","description":"Volkswagen mantiene a Europa como punto clave de la estrategia de electrificaci\u00f3n con un aumento del 61 por ciento.","robots":{"index":"index","follow":"follow","max-snippet":"max-snippet:-1","max-image-preview":"max-image-preview:large","max-video-preview":"max-video-preview:-1"},"canonical":"https:\/\/b2v.mx\/media\/volkswagen-aumenta-venta-de-vehiculos-electricos-a-nivel-mundial\/","og_locale":"es_ES","og_type":"article","og_title":"Volkswagen aumenta venta de veh\u00edculos el\u00e9ctricos a nivel mundial - B2V Media","og_description":"Volkswagen mantiene a Europa como punto clave de la estrategia de electrificaci\u00f3n con un aumento del 61 por ciento.","og_url":"https:\/\/b2v.mx\/media\/volkswagen-aumenta-venta-de-vehiculos-electricos-a-nivel-mundial\/","og_site_name":"B2V Media","article_publisher":"https:\/\/www.facebook.com\/b2vmx","article_author":"https:\/\/facebook.com\/b2vmx","article_published_time":"2023-10-25T18:00:00+00:00","article_modified_time":"2024-02-08T02:11:37+00:00","og_image":[{"width":1200,"height":800,"url":"https:\/\/i0.wp.com\/b2v.mx\/media\/wp-content\/uploads\/2023\/10\/Volkswagen-ID.4ID.5.jpg?fit=1200%2C800&ssl=1","type":"image\/jpeg"}],"author":"Editor","twitter_card":"summary_large_image","twitter_creator":"@https:\/\/www.twitter.com\/b2vmx","twitter_site":"@b2v_mx","twitter_misc":{"Escrito por":"Editor","Tiempo de lectura":"2 minutos"},"schema":{"@context":"https:\/\/schema.org","@graph":[{"@type":"Article","@id":"https:\/\/b2v.mx\/media\/volkswagen-aumenta-venta-de-vehiculos-electricos-a-nivel-mundial\/#article","isPartOf":{"@id":"https:\/\/b2v.mx\/media\/volkswagen-aumenta-venta-de-vehiculos-electricos-a-nivel-mundial\/"},"author":{"name":"Editor","@id":"https:\/\/b2v.mx\/media\/#\/schema\/person\/19975bd0e669232f9c601ca6a3879095"},"headline":"Volkswagen aumenta venta de veh\u00edculos el\u00e9ctricos a nivel mundial","datePublished":"2023-10-25T18:00:00+00:00","dateModified":"2024-02-08T02:11:37+00:00","mainEntityOfPage":{"@id":"https:\/\/b2v.mx\/media\/volkswagen-aumenta-venta-de-vehiculos-electricos-a-nivel-mundial\/"},"wordCount":341,"commentCount":0,"publisher":{"@id":"https:\/\/b2v.mx\/media\/#organization"},"image":{"@id":"https:\/\/b2v.mx\/media\/volkswagen-aumenta-venta-de-vehiculos-electricos-a-nivel-mundial\/#primaryimage"},"thumbnailUrl":"https:\/\/b2v.mx\/media\/wp-content\/uploads\/2023\/10\/Volkswagen-ID.4ID.5.jpg","articleSection":["Industria","Movilidad"],"inLanguage":"es","potentialAction":[{"@type":"CommentAction","name":"Comment","target":["https:\/\/b2v.mx\/media\/volkswagen-aumenta-venta-de-vehiculos-electricos-a-nivel-mundial\/#respond"]}]},{"@type":"WebPage","@id":"https:\/\/b2v.mx\/media\/volkswagen-aumenta-venta-de-vehiculos-electricos-a-nivel-mundial\/","url":"https:\/\/b2v.mx\/media\/volkswagen-aumenta-venta-de-vehiculos-electricos-a-nivel-mundial\/","name":"Volkswagen aumenta venta de veh\u00edculos el\u00e9ctricos a nivel mundial - B2V Media","isPartOf":{"@id":"https:\/\/b2v.mx\/media\/#website"},"primaryImageOfPage":{"@id":"https:\/\/b2v.mx\/media\/volkswagen-aumenta-venta-de-vehiculos-electricos-a-nivel-mundial\/#primaryimage"},"image":{"@id":"https:\/\/b2v.mx\/media\/volkswagen-aumenta-venta-de-vehiculos-electricos-a-nivel-mundial\/#primaryimage"},"thumbnailUrl":"https:\/\/b2v.mx\/media\/wp-content\/uploads\/2023\/10\/Volkswagen-ID.4ID.5.jpg","datePublished":"2023-10-25T18:00:00+00:00","dateModified":"2024-02-08T02:11:37+00:00","description":"Volkswagen mantiene a Europa como punto clave de la estrategia de electrificaci\u00f3n con un aumento del 61 por ciento.","inLanguage":"es","potentialAction":[{"@type":"ReadAction","target":["https:\/\/b2v.mx\/media\/volkswagen-aumenta-venta-de-vehiculos-electricos-a-nivel-mundial\/"]}]},{"@type":"ImageObject","inLanguage":"es","@id":"https:\/\/b2v.mx\/media\/volkswagen-aumenta-venta-de-vehiculos-electricos-a-nivel-mundial\/#primaryimage","url":"https:\/\/b2v.mx\/media\/wp-content\/uploads\/2023\/10\/Volkswagen-ID.4ID.5.jpg","contentUrl":"https:\/\/b2v.mx\/media\/wp-content\/uploads\/2023\/10\/Volkswagen-ID.4ID.5.jpg","width":1200,"height":800,"caption":"Volkswagen aumenta venta de veh\u00edculos el\u00e9ctricos a nivel mundial"},{"@type":"WebSite","@id":"https:\/\/b2v.mx\/media\/#website","url":"https:\/\/b2v.mx\/media\/","name":"B2V Media","description":"Sitio de Contenidos de Negocios","publisher":{"@id":"https:\/\/b2v.mx\/media\/#organization"},"alternateName":"B2V MX","potentialAction":[{"@type":"SearchAction","target":{"@type":"EntryPoint","urlTemplate":"https:\/\/b2v.mx\/media\/?s={search_term_string}"},"query-input":{"@type":"PropertyValueSpecification","valueRequired":true,"valueName":"search_term_string"}}],"inLanguage":"es"},{"@type":"Organization","@id":"https:\/\/b2v.mx\/media\/#organization","name":"B2V Media","alternateName":"B2V MX","url":"https:\/\/b2v.mx\/media\/","logo":{"@type":"ImageObject","inLanguage":"es","@id":"https:\/\/b2v.mx\/media\/#\/schema\/logo\/image\/","url":"https:\/\/b2v.mx\/media\/wp-content\/uploads\/2023\/01\/cropped-Logos_Mesa-de-trabajo-1-e1754716517695.png","contentUrl":"https:\/\/b2v.mx\/media\/wp-content\/uploads\/2023\/01\/cropped-Logos_Mesa-de-trabajo-1-e1754716517695.png","width":250,"height":151,"caption":"B2V Media"},"image":{"@id":"https:\/\/b2v.mx\/media\/#\/schema\/logo\/image\/"},"sameAs":["https:\/\/www.facebook.com\/b2vmx","https:\/\/x.com\/b2v_mx","https:\/\/www.instagram.com\/b2vmx\/","https:\/\/linkedin.com\/business\/b2vmx"]},{"@type":"Person","@id":"https:\/\/b2v.mx\/media\/#\/schema\/person\/19975bd0e669232f9c601ca6a3879095","name":"Editor","image":{"@type":"ImageObject","inLanguage":"es","@id":"https:\/\/secure.gravatar.com\/avatar\/20af5fb450db1167afd101d6b4d43d4c1fb63be46f1e3adcfeb12b0ffd4b44bf?s=96&d=mm&r=g","url":"https:\/\/secure.gravatar.com\/avatar\/20af5fb450db1167afd101d6b4d43d4c1fb63be46f1e3adcfeb12b0ffd4b44bf?s=96&d=mm&r=g","contentUrl":"https:\/\/secure.gravatar.com\/avatar\/20af5fb450db1167afd101d6b4d43d4c1fb63be46f1e3adcfeb12b0ffd4b44bf?s=96&d=mm&r=g","caption":"Editor"},"sameAs":["https:\/\/b2v.mx","https:\/\/facebook.com\/b2vmx","https:\/\/www.instagram.com\/b2vmx","https:\/\/www.linkedin.com\/company\/b2vmx","https:\/\/x.com\/https:\/\/www.twitter.com\/b2vmx","https:\/\/www.youtube.com\/@B2Vyoutube"],"url":"https:\/\/b2v.mx\/media\/author\/editor\/"}]}},"_links":{"self":[{"href":"https:\/\/b2v.mx\/media\/wp-json\/wp\/v2\/posts\/7451","targetHints":{"allow":["GET"]}}],"collection":[{"href":"https:\/\/b2v.mx\/media\/wp-json\/wp\/v2\/posts"}],"about":[{"href":"https:\/\/b2v.mx\/media\/wp-json\/wp\/v2\/types\/post"}],"author":[{"embeddable":true,"href":"https:\/\/b2v.mx\/media\/wp-json\/wp\/v2\/users\/3"}],"replies":[{"embeddable":true,"href":"https:\/\/b2v.mx\/media\/wp-json\/wp\/v2\/comments?post=7451"}],"version-history":[{"count":2,"href":"https:\/\/b2v.mx\/media\/wp-json\/wp\/v2\/posts\/7451\/revisions"}],"predecessor-version":[{"id":7784,"href":"https:\/\/b2v.mx\/media\/wp-json\/wp\/v2\/posts\/7451\/revisions\/7784"}],"wp:featuredmedia":[{"embeddable":true,"href":"https:\/\/b2v.mx\/media\/wp-json\/wp\/v2\/media\/7452"}],"wp:attachment":[{"href":"https:\/\/b2v.mx\/media\/wp-json\/wp\/v2\/media?parent=7451"}],"wp:term":[{"taxonomy":"category","embeddable":true,"href":"https:\/\/b2v.mx\/media\/wp-json\/wp\/v2\/categories?post=7451"},{"taxonomy":"post_tag","embeddable":true,"href":"https:\/\/b2v.mx\/media\/wp-json\/wp\/v2\/tags?post=7451"}],"curies":[{"name":"wp","href":"https:\/\/api.w.org\/{rel}","templated":true}]}}