{"id":7454,"date":"2023-10-25T12:06:12","date_gmt":"2023-10-25T18:06:12","guid":{"rendered":"https:\/\/b2v.mx\/media\/?p=7454"},"modified":"2024-02-07T20:07:22","modified_gmt":"2024-02-08T02:07:22","slug":"todo-listo-para-el-festival-de-las-almas-2023","status":"publish","type":"post","link":"https:\/\/b2v.mx\/media\/todo-listo-para-el-festival-de-las-almas-2023\/","title":{"rendered":"\u00a1Todo listo para el Festival de las Almas 2023!"},"content":{"rendered":"\n<p>El Festival de las Almas 2023 se llevar\u00e1 a cabo del 27 de octubre al 4 de noviembre en Valle de Bravo, Estado de M\u00e9xico. Durante nueve d\u00edas los asistentes podr\u00e1n disfrutar de diversas actividades gratuitas como:<\/p>\n\n\n\n<ul class=\"wp-block-list\">\n<li><strong>Crazysaurios,<\/strong> un grupo originario de Tlaxcala que ha sumado el rock, la pasi\u00f3n por los dinosaurios, la imaginaci\u00f3n y la uni\u00f3n generacional. <\/li>\n\n\n\n<li><strong>Eugenia Le\u00f3n<\/strong>, encargada de la apertura oficial del evento. <\/li>\n\n\n\n<li><strong>Fernando Delgadillo<\/strong>, que estar\u00e1 el lunes 30 de octubre. . <\/li>\n\n\n\n<li><strong>Matute<\/strong>, el jueves 2 de noviembre. <\/li>\n\n\n\n<li><strong>Los \u00c1ngeles Negros<\/strong> el viernes 3 de noviembre.<\/li>\n\n\n\n<li> <strong>Ca\u00f1averal<\/strong> el 4 de noviembre y ese d\u00eda, pero a las 20:00 horas, <strong>Yuridia<\/strong>.\u00a0<\/li>\n<\/ul>\n\n\n\n<figure class=\"wp-block-image aligncenter size-full is-resized\"><img fetchpriority=\"high\" decoding=\"async\" width=\"960\" height=\"960\" src=\"https:\/\/b2v.mx\/media\/wp-content\/uploads\/2023\/10\/FESTIVAL-DE-LAS-ALMAS-2023-B2V-MEDIA.jpg\" alt=\"donde es el festival de las almas 2023\" class=\"wp-image-7456\" style=\"aspect-ratio:1;width:630px;height:auto\" srcset=\"https:\/\/b2v.mx\/media\/wp-content\/uploads\/2023\/10\/FESTIVAL-DE-LAS-ALMAS-2023-B2V-MEDIA.jpg 960w, https:\/\/b2v.mx\/media\/wp-content\/uploads\/2023\/10\/FESTIVAL-DE-LAS-ALMAS-2023-B2V-MEDIA-300x300.jpg 300w, https:\/\/b2v.mx\/media\/wp-content\/uploads\/2023\/10\/FESTIVAL-DE-LAS-ALMAS-2023-B2V-MEDIA-150x150.jpg 150w, https:\/\/b2v.mx\/media\/wp-content\/uploads\/2023\/10\/FESTIVAL-DE-LAS-ALMAS-2023-B2V-MEDIA-768x768.jpg 768w\" sizes=\"(max-width: 960px) 100vw, 960px\" \/><\/figure>\n\n\n\n<p>En el talento local se encuentra la Compa\u00f1\u00eda de Danza del Estado de M\u00e9xico, la Orquesta Sinf\u00f3nica, dirigida por Rodrigo Mac\u00edas, presentar\u00e1 un programa de las canciones emblem\u00e1ticas de Michael Jackson; el Octeto Vocal de la Secretar\u00eda de Cultura y Turismo, la Orquesta y el coro del Conservatorio de M\u00fasica del Estado de M\u00e9xico, Alumnos de la Universidad Intercultural del Estado de M\u00e9xico, la Orquesta Filarm\u00f3nica Mexiquense dirigida por Gabriela Alatriste, quien ofrecer\u00e1 un concierto Tributo a mujeres.\u00a0<\/p>\n\n\n\n<p>El <a href=\"https:\/\/festivaldelasalmas.com\/es\/\">Festival de las Almas 2023<\/a> contar\u00e1 con siete sedes como son la Casa de Cultura, Museo Joaqu\u00edn Arcadio Pagaza, Museo arqueol\u00f3gico, Jard\u00edn Central, Alameda Bicentenario La Velaria, Iglesia de San Francisco, as\u00ed como la iglesia de Santa Mar\u00eda.\u00a0<\/p>\n\n\n\n<p>Valle de Bravo ofrece a sus visitantes, nacionales y extranjeros, amplia gama de servicios: turismo deportivo, cultural, religioso, gastron\u00f3mico, idiom\u00e1tico, salud y de negocios. Se espera una derrama econ\u00f3mica de, al menos, 3 mil millones de pesos.&nbsp;<\/p>\n\n\n\n<p>El Festival de las Almas es, desde hace m\u00e1s de dos d\u00e9cadas, un referente obligado de fiesta, tradici\u00f3n, arte y cultura.<\/p>\n\n\n\n<h4 class=\"wp-block-heading\"><a href=\"https:\/\/b2v.mx\/media\/2023\/05\/09\/valle-de-bravo-el-destino-perfecto-para-celebrar-el-dia-de-las-madres\/\">PODR\u00cdA INTERESARTE: Valle de Bravo, el destino perfecto para celebrar el D\u00eda de las Madres<\/a><\/h4>\n","protected":false},"excerpt":{"rendered":"<p>El Festival de las Almas 2023 se llevar\u00e1 a cabo del 27 de octubre al 4 de noviembre en Valle de Bravo, Estado de M\u00e9xico. Durante nueve d\u00edas los asistentes podr\u00e1n disfrutar de diversas actividades gratuitas como: En el talento local se encuentra la Compa\u00f1\u00eda de Danza del Estado de M\u00e9xico, la Orquesta Sinf\u00f3nica, dirigida [&hellip;]<\/p>\n","protected":false},"author":3,"featured_media":7455,"comment_status":"open","ping_status":"open","sticky":false,"template":"","format":"standard","meta":{"_eb_attr":"","_monsterinsights_skip_tracking":false,"_monsterinsights_sitenote_active":false,"_monsterinsights_sitenote_note":"","_monsterinsights_sitenote_category":0,"site-sidebar-layout":"default","site-content-layout":"","ast-site-content-layout":"default","site-content-style":"default","site-sidebar-style":"default","ast-global-header-display":"","ast-banner-title-visibility":"","ast-main-header-display":"","ast-hfb-above-header-display":"","ast-hfb-below-header-display":"","ast-hfb-mobile-header-display":"","site-post-title":"","ast-breadcrumbs-content":"","ast-featured-img":"","footer-sml-layout":"","theme-transparent-header-meta":"","adv-header-id-meta":"","stick-header-meta":"","header-above-stick-meta":"","header-main-stick-meta":"","header-below-stick-meta":"","astra-migrate-meta-layouts":"set","ast-page-background-enabled":"default","ast-page-background-meta":{"desktop":{"background-color":"","background-image":"","background-repeat":"repeat","background-position":"center center","background-size":"auto","background-attachment":"scroll","background-type":"","background-media":"","overlay-type":"","overlay-color":"","overlay-opacity":"","overlay-gradient":""},"tablet":{"background-color":"","background-image":"","background-repeat":"repeat","background-position":"center center","background-size":"auto","background-attachment":"scroll","background-type":"","background-media":"","overlay-type":"","overlay-color":"","overlay-opacity":"","overlay-gradient":""},"mobile":{"background-color":"","background-image":"","background-repeat":"repeat","background-position":"center center","background-size":"auto","background-attachment":"scroll","background-type":"","background-media":"","overlay-type":"","overlay-color":"","overlay-opacity":"","overlay-gradient":""}},"ast-content-background-meta":{"desktop":{"background-color":"var(--ast-global-color-5)","background-image":"","background-repeat":"repeat","background-position":"center center","background-size":"auto","background-attachment":"scroll","background-type":"","background-media":"","overlay-type":"","overlay-color":"","overlay-opacity":"","overlay-gradient":""},"tablet":{"background-color":"var(--ast-global-color-5)","background-image":"","background-repeat":"repeat","background-position":"center center","background-size":"auto","background-attachment":"scroll","background-type":"","background-media":"","overlay-type":"","overlay-color":"","overlay-opacity":"","overlay-gradient":""},"mobile":{"background-color":"var(--ast-global-color-5)","background-image":"","background-repeat":"repeat","background-position":"center center","background-size":"auto","background-attachment":"scroll","background-type":"","background-media":"","overlay-type":"","overlay-color":"","overlay-opacity":"","overlay-gradient":""}},"footnotes":"","_wpscppro_dont_share_socialmedia":false,"_wpscppro_custom_social_share_image":0,"_facebook_share_type":"","_twitter_share_type":"","_linkedin_share_type":"","_pinterest_share_type":"","_linkedin_share_type_page":"","_instagram_share_type":"","_medium_share_type":"","_threads_share_type":"","_selected_social_profile":[],"_wpsp_enable_custom_social_template":false,"_wpsp_social_scheduling":{"enabled":false,"datetime":null,"platforms":[],"status":"template_only","dateOption":"today","timeOption":"now","customDays":"","customHours":"","customDate":"","customTime":"","schedulingType":"absolute"},"_wpsp_active_default_template":true},"categories":[75],"tags":[],"class_list":["post-7454","post","type-post","status-publish","format-standard","has-post-thumbnail","hentry","category-cultura"],"yoast_head":"<!-- This site is optimized with the Yoast SEO plugin v27.5 - https:\/\/yoast.com\/product\/yoast-seo-wordpress\/ -->\n<title>\u00a1Todo listo para el Festival de las Almas 2023! - B2V Media<\/title>\n<meta name=\"description\" content=\"El Festival de las Almas 2023 es una de las fiestas culturales y art\u00edsticas m\u00e1s importantes del Estado de M\u00e9xico. Todos los detalles aqui.\" \/>\n<meta name=\"robots\" content=\"index, follow, max-snippet:-1, max-image-preview:large, max-video-preview:-1\" \/>\n<link rel=\"canonical\" href=\"https:\/\/b2v.mx\/media\/todo-listo-para-el-festival-de-las-almas-2023\/\" \/>\n<meta property=\"og:locale\" content=\"es_ES\" \/>\n<meta property=\"og:type\" content=\"article\" \/>\n<meta property=\"og:title\" content=\"\u00a1Todo listo para el Festival de las Almas 2023! - B2V Media\" \/>\n<meta property=\"og:description\" content=\"El Festival de las Almas 2023 es una de las fiestas culturales y art\u00edsticas m\u00e1s importantes del Estado de M\u00e9xico. Todos los detalles aqui.\" \/>\n<meta property=\"og:url\" content=\"https:\/\/b2v.mx\/media\/todo-listo-para-el-festival-de-las-almas-2023\/\" \/>\n<meta property=\"og:site_name\" content=\"B2V Media\" \/>\n<meta property=\"article:publisher\" content=\"https:\/\/www.facebook.com\/b2vmx\" \/>\n<meta property=\"article:author\" content=\"https:\/\/facebook.com\/b2vmx\" \/>\n<meta property=\"article:published_time\" content=\"2023-10-25T18:06:12+00:00\" \/>\n<meta property=\"article:modified_time\" content=\"2024-02-08T02:07:22+00:00\" \/>\n<meta property=\"og:image\" content=\"https:\/\/i0.wp.com\/b2v.mx\/media\/wp-content\/uploads\/2023\/10\/Todo-listo-para-el-Festival-de-las-Almas-2023-b2v-media.jpg?fit=1920%2C1280&ssl=1\" \/>\n\t<meta property=\"og:image:width\" content=\"1920\" \/>\n\t<meta property=\"og:image:height\" content=\"1280\" \/>\n\t<meta property=\"og:image:type\" content=\"image\/jpeg\" \/>\n<meta name=\"author\" content=\"Editor\" \/>\n<meta name=\"twitter:card\" content=\"summary_large_image\" \/>\n<meta name=\"twitter:creator\" content=\"@https:\/\/www.twitter.com\/b2vmx\" \/>\n<meta name=\"twitter:site\" content=\"@b2v_mx\" \/>\n<meta name=\"twitter:label1\" content=\"Escrito por\" \/>\n\t<meta name=\"twitter:data1\" content=\"Editor\" \/>\n\t<meta name=\"twitter:label2\" content=\"Tiempo de lectura\" \/>\n\t<meta name=\"twitter:data2\" content=\"2 minutos\" \/>\n<script type=\"application\/ld+json\" class=\"yoast-schema-graph\">{\"@context\":\"https:\\\/\\\/schema.org\",\"@graph\":[{\"@type\":\"Article\",\"@id\":\"https:\\\/\\\/b2v.mx\\\/media\\\/todo-listo-para-el-festival-de-las-almas-2023\\\/#article\",\"isPartOf\":{\"@id\":\"https:\\\/\\\/b2v.mx\\\/media\\\/todo-listo-para-el-festival-de-las-almas-2023\\\/\"},\"author\":{\"name\":\"Editor\",\"@id\":\"https:\\\/\\\/b2v.mx\\\/media\\\/#\\\/schema\\\/person\\\/19975bd0e669232f9c601ca6a3879095\"},\"headline\":\"\u00a1Todo listo para el Festival de las Almas 2023!\",\"datePublished\":\"2023-10-25T18:06:12+00:00\",\"dateModified\":\"2024-02-08T02:07:22+00:00\",\"mainEntityOfPage\":{\"@id\":\"https:\\\/\\\/b2v.mx\\\/media\\\/todo-listo-para-el-festival-de-las-almas-2023\\\/\"},\"wordCount\":325,\"commentCount\":0,\"publisher\":{\"@id\":\"https:\\\/\\\/b2v.mx\\\/media\\\/#organization\"},\"image\":{\"@id\":\"https:\\\/\\\/b2v.mx\\\/media\\\/todo-listo-para-el-festival-de-las-almas-2023\\\/#primaryimage\"},\"thumbnailUrl\":\"https:\\\/\\\/b2v.mx\\\/media\\\/wp-content\\\/uploads\\\/2023\\\/10\\\/Todo-listo-para-el-Festival-de-las-Almas-2023-b2v-media.jpg\",\"articleSection\":[\"Cultura\"],\"inLanguage\":\"es\",\"potentialAction\":[{\"@type\":\"CommentAction\",\"name\":\"Comment\",\"target\":[\"https:\\\/\\\/b2v.mx\\\/media\\\/todo-listo-para-el-festival-de-las-almas-2023\\\/#respond\"]}]},{\"@type\":\"WebPage\",\"@id\":\"https:\\\/\\\/b2v.mx\\\/media\\\/todo-listo-para-el-festival-de-las-almas-2023\\\/\",\"url\":\"https:\\\/\\\/b2v.mx\\\/media\\\/todo-listo-para-el-festival-de-las-almas-2023\\\/\",\"name\":\"\u00a1Todo listo para el Festival de las Almas 2023! - B2V Media\",\"isPartOf\":{\"@id\":\"https:\\\/\\\/b2v.mx\\\/media\\\/#website\"},\"primaryImageOfPage\":{\"@id\":\"https:\\\/\\\/b2v.mx\\\/media\\\/todo-listo-para-el-festival-de-las-almas-2023\\\/#primaryimage\"},\"image\":{\"@id\":\"https:\\\/\\\/b2v.mx\\\/media\\\/todo-listo-para-el-festival-de-las-almas-2023\\\/#primaryimage\"},\"thumbnailUrl\":\"https:\\\/\\\/b2v.mx\\\/media\\\/wp-content\\\/uploads\\\/2023\\\/10\\\/Todo-listo-para-el-Festival-de-las-Almas-2023-b2v-media.jpg\",\"datePublished\":\"2023-10-25T18:06:12+00:00\",\"dateModified\":\"2024-02-08T02:07:22+00:00\",\"description\":\"El Festival de las Almas 2023 es una de las fiestas culturales y art\u00edsticas m\u00e1s importantes del Estado de M\u00e9xico. Todos los detalles aqui.\",\"inLanguage\":\"es\",\"potentialAction\":[{\"@type\":\"ReadAction\",\"target\":[\"https:\\\/\\\/b2v.mx\\\/media\\\/todo-listo-para-el-festival-de-las-almas-2023\\\/\"]}]},{\"@type\":\"ImageObject\",\"inLanguage\":\"es\",\"@id\":\"https:\\\/\\\/b2v.mx\\\/media\\\/todo-listo-para-el-festival-de-las-almas-2023\\\/#primaryimage\",\"url\":\"https:\\\/\\\/b2v.mx\\\/media\\\/wp-content\\\/uploads\\\/2023\\\/10\\\/Todo-listo-para-el-Festival-de-las-Almas-2023-b2v-media.jpg\",\"contentUrl\":\"https:\\\/\\\/b2v.mx\\\/media\\\/wp-content\\\/uploads\\\/2023\\\/10\\\/Todo-listo-para-el-Festival-de-las-Almas-2023-b2v-media.jpg\",\"width\":1920,\"height\":1280,\"caption\":\"Foto: Cortes\u00eda\\\/ festivaldelasalmas.com\"},{\"@type\":\"WebSite\",\"@id\":\"https:\\\/\\\/b2v.mx\\\/media\\\/#website\",\"url\":\"https:\\\/\\\/b2v.mx\\\/media\\\/\",\"name\":\"B2V Media\",\"description\":\"Sitio de Contenidos de Negocios\",\"publisher\":{\"@id\":\"https:\\\/\\\/b2v.mx\\\/media\\\/#organization\"},\"alternateName\":\"B2V MX\",\"potentialAction\":[{\"@type\":\"SearchAction\",\"target\":{\"@type\":\"EntryPoint\",\"urlTemplate\":\"https:\\\/\\\/b2v.mx\\\/media\\\/?s={search_term_string}\"},\"query-input\":{\"@type\":\"PropertyValueSpecification\",\"valueRequired\":true,\"valueName\":\"search_term_string\"}}],\"inLanguage\":\"es\"},{\"@type\":\"Organization\",\"@id\":\"https:\\\/\\\/b2v.mx\\\/media\\\/#organization\",\"name\":\"B2V Media\",\"alternateName\":\"B2V MX\",\"url\":\"https:\\\/\\\/b2v.mx\\\/media\\\/\",\"logo\":{\"@type\":\"ImageObject\",\"inLanguage\":\"es\",\"@id\":\"https:\\\/\\\/b2v.mx\\\/media\\\/#\\\/schema\\\/logo\\\/image\\\/\",\"url\":\"https:\\\/\\\/b2v.mx\\\/media\\\/wp-content\\\/uploads\\\/2023\\\/01\\\/cropped-Logos_Mesa-de-trabajo-1-e1754716517695.png\",\"contentUrl\":\"https:\\\/\\\/b2v.mx\\\/media\\\/wp-content\\\/uploads\\\/2023\\\/01\\\/cropped-Logos_Mesa-de-trabajo-1-e1754716517695.png\",\"width\":250,\"height\":151,\"caption\":\"B2V Media\"},\"image\":{\"@id\":\"https:\\\/\\\/b2v.mx\\\/media\\\/#\\\/schema\\\/logo\\\/image\\\/\"},\"sameAs\":[\"https:\\\/\\\/www.facebook.com\\\/b2vmx\",\"https:\\\/\\\/x.com\\\/b2v_mx\",\"https:\\\/\\\/www.instagram.com\\\/b2vmx\\\/\",\"https:\\\/\\\/linkedin.com\\\/business\\\/b2vmx\"]},{\"@type\":\"Person\",\"@id\":\"https:\\\/\\\/b2v.mx\\\/media\\\/#\\\/schema\\\/person\\\/19975bd0e669232f9c601ca6a3879095\",\"name\":\"Editor\",\"image\":{\"@type\":\"ImageObject\",\"inLanguage\":\"es\",\"@id\":\"https:\\\/\\\/secure.gravatar.com\\\/avatar\\\/20af5fb450db1167afd101d6b4d43d4c1fb63be46f1e3adcfeb12b0ffd4b44bf?s=96&d=mm&r=g\",\"url\":\"https:\\\/\\\/secure.gravatar.com\\\/avatar\\\/20af5fb450db1167afd101d6b4d43d4c1fb63be46f1e3adcfeb12b0ffd4b44bf?s=96&d=mm&r=g\",\"contentUrl\":\"https:\\\/\\\/secure.gravatar.com\\\/avatar\\\/20af5fb450db1167afd101d6b4d43d4c1fb63be46f1e3adcfeb12b0ffd4b44bf?s=96&d=mm&r=g\",\"caption\":\"Editor\"},\"sameAs\":[\"https:\\\/\\\/b2v.mx\",\"https:\\\/\\\/facebook.com\\\/b2vmx\",\"https:\\\/\\\/www.instagram.com\\\/b2vmx\",\"https:\\\/\\\/www.linkedin.com\\\/company\\\/b2vmx\",\"https:\\\/\\\/x.com\\\/https:\\\/\\\/www.twitter.com\\\/b2vmx\",\"https:\\\/\\\/www.youtube.com\\\/@B2Vyoutube\"],\"url\":\"https:\\\/\\\/b2v.mx\\\/media\\\/author\\\/editor\\\/\"}]}<\/script>\n<!-- \/ Yoast SEO plugin. -->","yoast_head_json":{"title":"\u00a1Todo listo para el Festival de las Almas 2023! - B2V Media","description":"El Festival de las Almas 2023 es una de las fiestas culturales y art\u00edsticas m\u00e1s importantes del Estado de M\u00e9xico. Todos los detalles aqui.","robots":{"index":"index","follow":"follow","max-snippet":"max-snippet:-1","max-image-preview":"max-image-preview:large","max-video-preview":"max-video-preview:-1"},"canonical":"https:\/\/b2v.mx\/media\/todo-listo-para-el-festival-de-las-almas-2023\/","og_locale":"es_ES","og_type":"article","og_title":"\u00a1Todo listo para el Festival de las Almas 2023! - B2V Media","og_description":"El Festival de las Almas 2023 es una de las fiestas culturales y art\u00edsticas m\u00e1s importantes del Estado de M\u00e9xico. Todos los detalles aqui.","og_url":"https:\/\/b2v.mx\/media\/todo-listo-para-el-festival-de-las-almas-2023\/","og_site_name":"B2V Media","article_publisher":"https:\/\/www.facebook.com\/b2vmx","article_author":"https:\/\/facebook.com\/b2vmx","article_published_time":"2023-10-25T18:06:12+00:00","article_modified_time":"2024-02-08T02:07:22+00:00","og_image":[{"width":1920,"height":1280,"url":"https:\/\/i0.wp.com\/b2v.mx\/media\/wp-content\/uploads\/2023\/10\/Todo-listo-para-el-Festival-de-las-Almas-2023-b2v-media.jpg?fit=1920%2C1280&ssl=1","type":"image\/jpeg"}],"author":"Editor","twitter_card":"summary_large_image","twitter_creator":"@https:\/\/www.twitter.com\/b2vmx","twitter_site":"@b2v_mx","twitter_misc":{"Escrito por":"Editor","Tiempo de lectura":"2 minutos"},"schema":{"@context":"https:\/\/schema.org","@graph":[{"@type":"Article","@id":"https:\/\/b2v.mx\/media\/todo-listo-para-el-festival-de-las-almas-2023\/#article","isPartOf":{"@id":"https:\/\/b2v.mx\/media\/todo-listo-para-el-festival-de-las-almas-2023\/"},"author":{"name":"Editor","@id":"https:\/\/b2v.mx\/media\/#\/schema\/person\/19975bd0e669232f9c601ca6a3879095"},"headline":"\u00a1Todo listo para el Festival de las Almas 2023!","datePublished":"2023-10-25T18:06:12+00:00","dateModified":"2024-02-08T02:07:22+00:00","mainEntityOfPage":{"@id":"https:\/\/b2v.mx\/media\/todo-listo-para-el-festival-de-las-almas-2023\/"},"wordCount":325,"commentCount":0,"publisher":{"@id":"https:\/\/b2v.mx\/media\/#organization"},"image":{"@id":"https:\/\/b2v.mx\/media\/todo-listo-para-el-festival-de-las-almas-2023\/#primaryimage"},"thumbnailUrl":"https:\/\/b2v.mx\/media\/wp-content\/uploads\/2023\/10\/Todo-listo-para-el-Festival-de-las-Almas-2023-b2v-media.jpg","articleSection":["Cultura"],"inLanguage":"es","potentialAction":[{"@type":"CommentAction","name":"Comment","target":["https:\/\/b2v.mx\/media\/todo-listo-para-el-festival-de-las-almas-2023\/#respond"]}]},{"@type":"WebPage","@id":"https:\/\/b2v.mx\/media\/todo-listo-para-el-festival-de-las-almas-2023\/","url":"https:\/\/b2v.mx\/media\/todo-listo-para-el-festival-de-las-almas-2023\/","name":"\u00a1Todo listo para el Festival de las Almas 2023! - B2V Media","isPartOf":{"@id":"https:\/\/b2v.mx\/media\/#website"},"primaryImageOfPage":{"@id":"https:\/\/b2v.mx\/media\/todo-listo-para-el-festival-de-las-almas-2023\/#primaryimage"},"image":{"@id":"https:\/\/b2v.mx\/media\/todo-listo-para-el-festival-de-las-almas-2023\/#primaryimage"},"thumbnailUrl":"https:\/\/b2v.mx\/media\/wp-content\/uploads\/2023\/10\/Todo-listo-para-el-Festival-de-las-Almas-2023-b2v-media.jpg","datePublished":"2023-10-25T18:06:12+00:00","dateModified":"2024-02-08T02:07:22+00:00","description":"El Festival de las Almas 2023 es una de las fiestas culturales y art\u00edsticas m\u00e1s importantes del Estado de M\u00e9xico. Todos los detalles aqui.","inLanguage":"es","potentialAction":[{"@type":"ReadAction","target":["https:\/\/b2v.mx\/media\/todo-listo-para-el-festival-de-las-almas-2023\/"]}]},{"@type":"ImageObject","inLanguage":"es","@id":"https:\/\/b2v.mx\/media\/todo-listo-para-el-festival-de-las-almas-2023\/#primaryimage","url":"https:\/\/b2v.mx\/media\/wp-content\/uploads\/2023\/10\/Todo-listo-para-el-Festival-de-las-Almas-2023-b2v-media.jpg","contentUrl":"https:\/\/b2v.mx\/media\/wp-content\/uploads\/2023\/10\/Todo-listo-para-el-Festival-de-las-Almas-2023-b2v-media.jpg","width":1920,"height":1280,"caption":"Foto: Cortes\u00eda\/ festivaldelasalmas.com"},{"@type":"WebSite","@id":"https:\/\/b2v.mx\/media\/#website","url":"https:\/\/b2v.mx\/media\/","name":"B2V Media","description":"Sitio de Contenidos de Negocios","publisher":{"@id":"https:\/\/b2v.mx\/media\/#organization"},"alternateName":"B2V MX","potentialAction":[{"@type":"SearchAction","target":{"@type":"EntryPoint","urlTemplate":"https:\/\/b2v.mx\/media\/?s={search_term_string}"},"query-input":{"@type":"PropertyValueSpecification","valueRequired":true,"valueName":"search_term_string"}}],"inLanguage":"es"},{"@type":"Organization","@id":"https:\/\/b2v.mx\/media\/#organization","name":"B2V Media","alternateName":"B2V MX","url":"https:\/\/b2v.mx\/media\/","logo":{"@type":"ImageObject","inLanguage":"es","@id":"https:\/\/b2v.mx\/media\/#\/schema\/logo\/image\/","url":"https:\/\/b2v.mx\/media\/wp-content\/uploads\/2023\/01\/cropped-Logos_Mesa-de-trabajo-1-e1754716517695.png","contentUrl":"https:\/\/b2v.mx\/media\/wp-content\/uploads\/2023\/01\/cropped-Logos_Mesa-de-trabajo-1-e1754716517695.png","width":250,"height":151,"caption":"B2V Media"},"image":{"@id":"https:\/\/b2v.mx\/media\/#\/schema\/logo\/image\/"},"sameAs":["https:\/\/www.facebook.com\/b2vmx","https:\/\/x.com\/b2v_mx","https:\/\/www.instagram.com\/b2vmx\/","https:\/\/linkedin.com\/business\/b2vmx"]},{"@type":"Person","@id":"https:\/\/b2v.mx\/media\/#\/schema\/person\/19975bd0e669232f9c601ca6a3879095","name":"Editor","image":{"@type":"ImageObject","inLanguage":"es","@id":"https:\/\/secure.gravatar.com\/avatar\/20af5fb450db1167afd101d6b4d43d4c1fb63be46f1e3adcfeb12b0ffd4b44bf?s=96&d=mm&r=g","url":"https:\/\/secure.gravatar.com\/avatar\/20af5fb450db1167afd101d6b4d43d4c1fb63be46f1e3adcfeb12b0ffd4b44bf?s=96&d=mm&r=g","contentUrl":"https:\/\/secure.gravatar.com\/avatar\/20af5fb450db1167afd101d6b4d43d4c1fb63be46f1e3adcfeb12b0ffd4b44bf?s=96&d=mm&r=g","caption":"Editor"},"sameAs":["https:\/\/b2v.mx","https:\/\/facebook.com\/b2vmx","https:\/\/www.instagram.com\/b2vmx","https:\/\/www.linkedin.com\/company\/b2vmx","https:\/\/x.com\/https:\/\/www.twitter.com\/b2vmx","https:\/\/www.youtube.com\/@B2Vyoutube"],"url":"https:\/\/b2v.mx\/media\/author\/editor\/"}]}},"_links":{"self":[{"href":"https:\/\/b2v.mx\/media\/wp-json\/wp\/v2\/posts\/7454","targetHints":{"allow":["GET"]}}],"collection":[{"href":"https:\/\/b2v.mx\/media\/wp-json\/wp\/v2\/posts"}],"about":[{"href":"https:\/\/b2v.mx\/media\/wp-json\/wp\/v2\/types\/post"}],"author":[{"embeddable":true,"href":"https:\/\/b2v.mx\/media\/wp-json\/wp\/v2\/users\/3"}],"replies":[{"embeddable":true,"href":"https:\/\/b2v.mx\/media\/wp-json\/wp\/v2\/comments?post=7454"}],"version-history":[{"count":2,"href":"https:\/\/b2v.mx\/media\/wp-json\/wp\/v2\/posts\/7454\/revisions"}],"predecessor-version":[{"id":7782,"href":"https:\/\/b2v.mx\/media\/wp-json\/wp\/v2\/posts\/7454\/revisions\/7782"}],"wp:featuredmedia":[{"embeddable":true,"href":"https:\/\/b2v.mx\/media\/wp-json\/wp\/v2\/media\/7455"}],"wp:attachment":[{"href":"https:\/\/b2v.mx\/media\/wp-json\/wp\/v2\/media?parent=7454"}],"wp:term":[{"taxonomy":"category","embeddable":true,"href":"https:\/\/b2v.mx\/media\/wp-json\/wp\/v2\/categories?post=7454"},{"taxonomy":"post_tag","embeddable":true,"href":"https:\/\/b2v.mx\/media\/wp-json\/wp\/v2\/tags?post=7454"}],"curies":[{"name":"wp","href":"https:\/\/api.w.org\/{rel}","templated":true}]}}