{"id":7500,"date":"2023-11-03T07:00:00","date_gmt":"2023-11-03T13:00:00","guid":{"rendered":"https:\/\/b2v.mx\/media\/?p=7500"},"modified":"2024-02-07T18:53:56","modified_gmt":"2024-02-08T00:53:56","slug":"ciberataques-cuestan-a-pymes-mexicanas-hasta-2-mdp","status":"publish","type":"post","link":"https:\/\/b2v.mx\/media\/ciberataques-cuestan-a-pymes-mexicanas-hasta-2-mdp\/","title":{"rendered":"Ciberataques cuestan a PyMes mexicanas hasta 2 mdp"},"content":{"rendered":"\n<p>El comercio digital ha colocado entre sus prioridades a toda medida de ciberseguridad que le ayude a reducir riesgos. De acuerdo con la encuesta Digital Trust Insights 2023 M\u00e9xico, nueve de cada 10 empresas mexicanas se sienten preparadas para mitigar los riesgos asociados a ciberataques.<\/p>\n\n\n\n<p>Pese a ello, la ciberseguridad contin\u00faa siendo un tema complicado para las empresas en M\u00e9xico, ya que han tenido que adaptar sus servicios al ecosistema electr\u00f3nico no tanto por gusto, sino para no quedarse atr\u00e1s en t\u00e9rminos de competitividad.<\/p>\n\n\n\n<p>En este sentido, cada sector tiene sus propias particularidades, pero en el comercio electr\u00f3nico las \u00e1reas de oportunidad est\u00e1n principalmente en: capacitaci\u00f3n del personal, quienes tienen acceso a c\u00f3digos, correos, informaci\u00f3n sensible o pueden descargar programas de ataque por medio de links o sitios sospechosos, coment\u00f3 para B2V Media, <strong>Bettsabet Hidalgo Hern\u00e1ndez<\/strong>, especialista en Ciberseguridad de<a href=\"https:\/\/landing.infracommerce.com.br\/formularios\/latam\"> Infracommerce Latam<\/a>.<\/p>\n\n\n\n<h4 class=\"wp-block-heading\">SECTORES CON M\u00c1S CIBERATAQUES<\/h4>\n\n\n\n<figure class=\"wp-block-image aligncenter size-large is-resized\"><img fetchpriority=\"high\" decoding=\"async\" width=\"1024\" height=\"683\" src=\"https:\/\/b2v.mx\/media\/wp-content\/uploads\/2023\/10\/Ciberataques-cuestan-a-PyMes-mexicanas-hasta-2-mdp-2-1-1024x683.jpg\" alt=\"Ciberataques cuestan a PyMes mexicanas hasta 2 mdp\" class=\"wp-image-7502\" style=\"aspect-ratio:1.5;width:605px;height:auto\"\/><\/figure>\n\n\n\n<p>M\u00e9xico es, desde 2021, el pa\u00eds con el mayor n\u00famero de ciberataques en Am\u00e9rica Latina, s\u00f3lo detr\u00e1s de Brasil.\u00a0 El sector retail es el que tiene la segunda tasa m\u00e1s alta de ataques de ransomware en todos los sectores de ventas en l\u00ednea. Tan s\u00f3lo en la primera mitad de 2022, se encontraron 10 mil 666 firmas de ransomware en Am\u00e9rica Latina.<\/p>\n\n\n\n<p>Aunque resolver las vulnerabilidades generalmente est\u00e1 ligado al tama\u00f1o y la complejidad de la infraestructura, generalmente despu\u00e9s de una vulnerabilidad, los empresarios invierten en la recuperaci\u00f3n del sitio web, reforzamiento de barreras de seguridad, contratar a un personal especializado en materia de ciberseguridad, entrenamiento o reentrenamiento de los colaboradores, compra de nuevo equipo, contrataci\u00f3n de nuevos sistemas operativos, etc.<\/p>\n\n\n\n<blockquote class=\"wp-block-quote is-layout-flow wp-block-quote-is-layout-flow\">\n<p>\u201cDependiendo del tama\u00f1o del negocio y el personal que tenga la organizaci\u00f3n ser\u00e1 la inversi\u00f3n en ciberseguridad; sin embargo, un ciberataque a una PyME puede costarle al menos dos millones en p\u00e9rdidas\u201d, ahond\u00f3 la especialista.<\/p>\n<\/blockquote>\n\n\n\n<h4 class=\"wp-block-heading\">M\u00c9XICO: OBJETIVO DE CIBERATAQUES<\/h4>\n\n\n\n<figure class=\"wp-block-image aligncenter size-full is-resized\"><img decoding=\"async\" width=\"800\" height=\"451\" src=\"https:\/\/b2v.mx\/media\/wp-content\/uploads\/2023\/10\/Ciberataques-cuestan-a-PyMes-mexicanas-hasta-2-mdp-3.jpg\" alt=\"Ciberataques cuestan a PyMes mexicanas hasta 2 mdp\" class=\"wp-image-7503\" style=\"aspect-ratio:1.7738359201773837;width:580px;height:auto\" srcset=\"https:\/\/b2v.mx\/media\/wp-content\/uploads\/2023\/10\/Ciberataques-cuestan-a-PyMes-mexicanas-hasta-2-mdp-3.jpg 800w, https:\/\/b2v.mx\/media\/wp-content\/uploads\/2023\/10\/Ciberataques-cuestan-a-PyMes-mexicanas-hasta-2-mdp-3-300x169.jpg 300w, https:\/\/b2v.mx\/media\/wp-content\/uploads\/2023\/10\/Ciberataques-cuestan-a-PyMes-mexicanas-hasta-2-mdp-3-768x433.jpg 768w\" sizes=\"(max-width: 800px) 100vw, 800px\" \/><\/figure>\n\n\n\n<p>M\u00e9xico es un particular objetivo de ciberataques para las empresas debido al n\u00famero de negocios y consumidores, adem\u00e1s es uno de los pa\u00edses con mayor volumen de ventas anuales.<\/p>\n\n\n\n<p>Muestro de ello es el crecimiento de ecommerce en M\u00e9xico desde 2020 a\u00f1o en que el comercio electr\u00f3nico nacional cerr\u00f3 2020 con un valor de 316 mil millones de pesos, esto es un crecimiento del 81 por ciento comparado con 2019; mientras que en este a\u00f1o arranc\u00f3 con un valor de $528 mil millones de pesos, de acuerdo a la Asociaci\u00f3n Mexicana de Venta Online, A.C. (AMVO).<\/p>\n\n\n\n<p>Al mismo tiempo, es uno de los mercados con mayor rezago en educaci\u00f3n digital, el Inegi se\u00f1ala que en 2019 el nivel de personas con acceso a internet en el pa\u00eds no superaba el 65 por ciento, mientras que este a\u00f1o es del 80 por ciento. <\/p>\n\n\n\n<p>\u201cEn tan solo 4 a\u00f1os hemos crecido bastante, pero a costa de desconocer ciertos riesgos como ransomwares o una compleja ingenier\u00eda social que se sirve de las personas, el eslab\u00f3n m\u00e1s vulnerable en t\u00e9rminos de ciberataques\u201d, analiz\u00f3 Hidalgo.<\/p>\n\n\n\n<p>Otros factores que influyen son&nbsp; la falta de concienciaci\u00f3n y de inversi\u00f3n sobre la ciberseguridad al interior de la organizaci\u00f3n.<\/p>\n\n\n\n<h4 class=\"wp-block-heading\">ACCIONES A EMPRENDER PARA PROTEGER UNA EMPRESA<\/h4>\n\n\n\n<p>Bettsabet Hidalgo sugiri\u00f3 que uno de los primeros pasos para reforzar los sistemas de ciberseguridad en los comercios digitales es el acercamiento con especialistas. Ellos pueden hacer un sondeo y revisi\u00f3n tanto de equipos, portales, archivos y una especie de auditor\u00eda para determinar cu\u00e1les son los puntos m\u00e1s vulnerables.<\/p>\n\n\n\n<p>A partir de ah\u00ed se implementan acciones como programas especiales y protocolos donde se filtren datos o alarmas digitales que notifiquen de alguna actividad sospechosa.<\/p>\n\n\n\n<p>\u201cUna de las acciones m\u00e1s importantes es la capacitaci\u00f3n del personal en todos los niveles. La ciberseguridad no es algo que solo compete a las \u00e1reas de TI sino para quienes manejen un equipo, como los colaboradores de RH, oficinas de Comunicaci\u00f3n o el personal administrativo\u201d, explic\u00f3.<\/p>\n\n\n\n<p>Por ello, es importante establecer una pol\u00edtica de ciberseguridad: \u201cLa pol\u00edtica de ciberseguridad debe marcar los objetivos, los principios y las directrices de la empresa en materia de ciberseguridad. Debe ser clara, concisa y f\u00e1cil de entender para todos los empleados\u201d, finaliz\u00f3.<\/p>\n\n\n\n<h4 class=\"wp-block-heading\"><a href=\"https:\/\/b2v.mx\/media\/2023\/09\/28\/como-disminuir-los-pagos-provisionales-ante-el-sat\/\">PODR\u00cdA INTERESARTE: \u00bfC\u00f3mo disminuir los pagos provisionales ante el SAT?<\/a><\/h4>\n","protected":false},"excerpt":{"rendered":"<p>El comercio digital ha colocado entre sus prioridades a toda medida de ciberseguridad que le ayude a reducir riesgos. De acuerdo con la encuesta Digital Trust Insights 2023 M\u00e9xico, nueve de cada 10 empresas mexicanas se sienten preparadas para mitigar los riesgos asociados a ciberataques. Pese a ello, la ciberseguridad contin\u00faa siendo un tema complicado [&hellip;]<\/p>\n","protected":false},"author":4,"featured_media":7501,"comment_status":"open","ping_status":"open","sticky":false,"template":"","format":"standard","meta":{"_eb_attr":"","_monsterinsights_skip_tracking":false,"_monsterinsights_sitenote_active":false,"_monsterinsights_sitenote_note":"","_monsterinsights_sitenote_category":0,"site-sidebar-layout":"default","site-content-layout":"","ast-site-content-layout":"default","site-content-style":"default","site-sidebar-style":"default","ast-global-header-display":"","ast-banner-title-visibility":"","ast-main-header-display":"","ast-hfb-above-header-display":"","ast-hfb-below-header-display":"","ast-hfb-mobile-header-display":"","site-post-title":"","ast-breadcrumbs-content":"","ast-featured-img":"","footer-sml-layout":"","theme-transparent-header-meta":"","adv-header-id-meta":"","stick-header-meta":"","header-above-stick-meta":"","header-main-stick-meta":"","header-below-stick-meta":"","astra-migrate-meta-layouts":"set","ast-page-background-enabled":"default","ast-page-background-meta":{"desktop":{"background-color":"","background-image":"","background-repeat":"repeat","background-position":"center center","background-size":"auto","background-attachment":"scroll","background-type":"","background-media":"","overlay-type":"","overlay-color":"","overlay-opacity":"","overlay-gradient":""},"tablet":{"background-color":"","background-image":"","background-repeat":"repeat","background-position":"center center","background-size":"auto","background-attachment":"scroll","background-type":"","background-media":"","overlay-type":"","overlay-color":"","overlay-opacity":"","overlay-gradient":""},"mobile":{"background-color":"","background-image":"","background-repeat":"repeat","background-position":"center center","background-size":"auto","background-attachment":"scroll","background-type":"","background-media":"","overlay-type":"","overlay-color":"","overlay-opacity":"","overlay-gradient":""}},"ast-content-background-meta":{"desktop":{"background-color":"var(--ast-global-color-5)","background-image":"","background-repeat":"repeat","background-position":"center center","background-size":"auto","background-attachment":"scroll","background-type":"","background-media":"","overlay-type":"","overlay-color":"","overlay-opacity":"","overlay-gradient":""},"tablet":{"background-color":"var(--ast-global-color-5)","background-image":"","background-repeat":"repeat","background-position":"center center","background-size":"auto","background-attachment":"scroll","background-type":"","background-media":"","overlay-type":"","overlay-color":"","overlay-opacity":"","overlay-gradient":""},"mobile":{"background-color":"var(--ast-global-color-5)","background-image":"","background-repeat":"repeat","background-position":"center center","background-size":"auto","background-attachment":"scroll","background-type":"","background-media":"","overlay-type":"","overlay-color":"","overlay-opacity":"","overlay-gradient":""}},"footnotes":"","_wpscppro_dont_share_socialmedia":false,"_wpscppro_custom_social_share_image":0,"_facebook_share_type":"","_twitter_share_type":"","_linkedin_share_type":"","_pinterest_share_type":"","_linkedin_share_type_page":"","_instagram_share_type":"","_medium_share_type":"","_threads_share_type":"","_selected_social_profile":[],"_wpsp_enable_custom_social_template":false,"_wpsp_social_scheduling":{"enabled":false,"datetime":null,"platforms":[],"status":"template_only","dateOption":"today","timeOption":"now","customDays":"","customHours":"","customDate":"","customTime":"","schedulingType":"absolute"},"_wpsp_active_default_template":true},"categories":[69],"tags":[],"class_list":["post-7500","post","type-post","status-publish","format-standard","has-post-thumbnail","hentry","category-redes"],"yoast_head":"<!-- This site is optimized with the Yoast SEO plugin v27.5 - https:\/\/yoast.com\/product\/yoast-seo-wordpress\/ -->\n<title>Ciberataques cuestan a PyMes mexicanas hasta 2 mdp - B2V Media<\/title>\n<meta name=\"description\" content=\"El volumen de ventas y la falta inversi\u00f3n en seguridad cibern\u00e9tica hacen de M\u00e9xico un objetivo principal para sufrir ciberataques.\" \/>\n<meta name=\"robots\" content=\"index, follow, max-snippet:-1, max-image-preview:large, max-video-preview:-1\" \/>\n<link rel=\"canonical\" href=\"https:\/\/b2v.mx\/media\/ciberataques-cuestan-a-pymes-mexicanas-hasta-2-mdp\/\" \/>\n<meta property=\"og:locale\" content=\"es_ES\" \/>\n<meta property=\"og:type\" content=\"article\" \/>\n<meta property=\"og:title\" content=\"Ciberataques cuestan a PyMes mexicanas hasta 2 mdp - B2V Media\" \/>\n<meta property=\"og:description\" content=\"El volumen de ventas y la falta inversi\u00f3n en seguridad cibern\u00e9tica hacen de M\u00e9xico un objetivo principal para sufrir ciberataques.\" \/>\n<meta property=\"og:url\" content=\"https:\/\/b2v.mx\/media\/ciberataques-cuestan-a-pymes-mexicanas-hasta-2-mdp\/\" \/>\n<meta property=\"og:site_name\" content=\"B2V Media\" \/>\n<meta property=\"article:publisher\" content=\"https:\/\/www.facebook.com\/b2vmx\" \/>\n<meta property=\"article:published_time\" content=\"2023-11-03T13:00:00+00:00\" \/>\n<meta property=\"article:modified_time\" content=\"2024-02-08T00:53:56+00:00\" \/>\n<meta property=\"og:image\" content=\"https:\/\/i0.wp.com\/b2v.mx\/media\/wp-content\/uploads\/2023\/10\/Ciberataques-cuestan-a-PyMes-mexicanas-hasta-2-mdp-2.jpg?fit=800%2C600&ssl=1\" \/>\n\t<meta property=\"og:image:width\" content=\"800\" \/>\n\t<meta property=\"og:image:height\" content=\"600\" \/>\n\t<meta property=\"og:image:type\" content=\"image\/jpeg\" \/>\n<meta name=\"author\" content=\"Frida Fern\u00e1ndez\" \/>\n<meta name=\"twitter:card\" content=\"summary_large_image\" \/>\n<meta name=\"twitter:creator\" content=\"@faridrezzed\" \/>\n<meta name=\"twitter:site\" content=\"@b2v_mx\" \/>\n<meta name=\"twitter:label1\" content=\"Escrito por\" \/>\n\t<meta name=\"twitter:data1\" content=\"Frida Fern\u00e1ndez\" \/>\n\t<meta name=\"twitter:label2\" content=\"Tiempo de lectura\" \/>\n\t<meta name=\"twitter:data2\" content=\"4 minutos\" \/>\n<script type=\"application\/ld+json\" class=\"yoast-schema-graph\">{\"@context\":\"https:\\\/\\\/schema.org\",\"@graph\":[{\"@type\":\"Article\",\"@id\":\"https:\\\/\\\/b2v.mx\\\/media\\\/ciberataques-cuestan-a-pymes-mexicanas-hasta-2-mdp\\\/#article\",\"isPartOf\":{\"@id\":\"https:\\\/\\\/b2v.mx\\\/media\\\/ciberataques-cuestan-a-pymes-mexicanas-hasta-2-mdp\\\/\"},\"author\":{\"name\":\"Frida Fern\u00e1ndez\",\"@id\":\"https:\\\/\\\/b2v.mx\\\/media\\\/#\\\/schema\\\/person\\\/058b2d28689199bd8c1f38257919d607\"},\"headline\":\"Ciberataques cuestan a PyMes mexicanas hasta 2 mdp\",\"datePublished\":\"2023-11-03T13:00:00+00:00\",\"dateModified\":\"2024-02-08T00:53:56+00:00\",\"mainEntityOfPage\":{\"@id\":\"https:\\\/\\\/b2v.mx\\\/media\\\/ciberataques-cuestan-a-pymes-mexicanas-hasta-2-mdp\\\/\"},\"wordCount\":745,\"commentCount\":0,\"publisher\":{\"@id\":\"https:\\\/\\\/b2v.mx\\\/media\\\/#organization\"},\"image\":{\"@id\":\"https:\\\/\\\/b2v.mx\\\/media\\\/ciberataques-cuestan-a-pymes-mexicanas-hasta-2-mdp\\\/#primaryimage\"},\"thumbnailUrl\":\"https:\\\/\\\/b2v.mx\\\/media\\\/wp-content\\\/uploads\\\/2023\\\/10\\\/Ciberataques-cuestan-a-PyMes-mexicanas-hasta-2-mdp-2.jpg\",\"articleSection\":[\"Redes\"],\"inLanguage\":\"es\",\"potentialAction\":[{\"@type\":\"CommentAction\",\"name\":\"Comment\",\"target\":[\"https:\\\/\\\/b2v.mx\\\/media\\\/ciberataques-cuestan-a-pymes-mexicanas-hasta-2-mdp\\\/#respond\"]}]},{\"@type\":\"WebPage\",\"@id\":\"https:\\\/\\\/b2v.mx\\\/media\\\/ciberataques-cuestan-a-pymes-mexicanas-hasta-2-mdp\\\/\",\"url\":\"https:\\\/\\\/b2v.mx\\\/media\\\/ciberataques-cuestan-a-pymes-mexicanas-hasta-2-mdp\\\/\",\"name\":\"Ciberataques cuestan a PyMes mexicanas hasta 2 mdp - B2V Media\",\"isPartOf\":{\"@id\":\"https:\\\/\\\/b2v.mx\\\/media\\\/#website\"},\"primaryImageOfPage\":{\"@id\":\"https:\\\/\\\/b2v.mx\\\/media\\\/ciberataques-cuestan-a-pymes-mexicanas-hasta-2-mdp\\\/#primaryimage\"},\"image\":{\"@id\":\"https:\\\/\\\/b2v.mx\\\/media\\\/ciberataques-cuestan-a-pymes-mexicanas-hasta-2-mdp\\\/#primaryimage\"},\"thumbnailUrl\":\"https:\\\/\\\/b2v.mx\\\/media\\\/wp-content\\\/uploads\\\/2023\\\/10\\\/Ciberataques-cuestan-a-PyMes-mexicanas-hasta-2-mdp-2.jpg\",\"datePublished\":\"2023-11-03T13:00:00+00:00\",\"dateModified\":\"2024-02-08T00:53:56+00:00\",\"description\":\"El volumen de ventas y la falta inversi\u00f3n en seguridad cibern\u00e9tica hacen de M\u00e9xico un objetivo principal para sufrir ciberataques.\",\"inLanguage\":\"es\",\"potentialAction\":[{\"@type\":\"ReadAction\",\"target\":[\"https:\\\/\\\/b2v.mx\\\/media\\\/ciberataques-cuestan-a-pymes-mexicanas-hasta-2-mdp\\\/\"]}]},{\"@type\":\"ImageObject\",\"inLanguage\":\"es\",\"@id\":\"https:\\\/\\\/b2v.mx\\\/media\\\/ciberataques-cuestan-a-pymes-mexicanas-hasta-2-mdp\\\/#primaryimage\",\"url\":\"https:\\\/\\\/b2v.mx\\\/media\\\/wp-content\\\/uploads\\\/2023\\\/10\\\/Ciberataques-cuestan-a-PyMes-mexicanas-hasta-2-mdp-2.jpg\",\"contentUrl\":\"https:\\\/\\\/b2v.mx\\\/media\\\/wp-content\\\/uploads\\\/2023\\\/10\\\/Ciberataques-cuestan-a-PyMes-mexicanas-hasta-2-mdp-2.jpg\",\"width\":800,\"height\":600,\"caption\":\"Ciberataques cuestan a PyMes mexicanas hasta 2 mdp\"},{\"@type\":\"WebSite\",\"@id\":\"https:\\\/\\\/b2v.mx\\\/media\\\/#website\",\"url\":\"https:\\\/\\\/b2v.mx\\\/media\\\/\",\"name\":\"B2V Media\",\"description\":\"Sitio de Contenidos de Negocios\",\"publisher\":{\"@id\":\"https:\\\/\\\/b2v.mx\\\/media\\\/#organization\"},\"alternateName\":\"B2V MX\",\"potentialAction\":[{\"@type\":\"SearchAction\",\"target\":{\"@type\":\"EntryPoint\",\"urlTemplate\":\"https:\\\/\\\/b2v.mx\\\/media\\\/?s={search_term_string}\"},\"query-input\":{\"@type\":\"PropertyValueSpecification\",\"valueRequired\":true,\"valueName\":\"search_term_string\"}}],\"inLanguage\":\"es\"},{\"@type\":\"Organization\",\"@id\":\"https:\\\/\\\/b2v.mx\\\/media\\\/#organization\",\"name\":\"B2V Media\",\"alternateName\":\"B2V MX\",\"url\":\"https:\\\/\\\/b2v.mx\\\/media\\\/\",\"logo\":{\"@type\":\"ImageObject\",\"inLanguage\":\"es\",\"@id\":\"https:\\\/\\\/b2v.mx\\\/media\\\/#\\\/schema\\\/logo\\\/image\\\/\",\"url\":\"https:\\\/\\\/b2v.mx\\\/media\\\/wp-content\\\/uploads\\\/2023\\\/01\\\/cropped-Logos_Mesa-de-trabajo-1-e1754716517695.png\",\"contentUrl\":\"https:\\\/\\\/b2v.mx\\\/media\\\/wp-content\\\/uploads\\\/2023\\\/01\\\/cropped-Logos_Mesa-de-trabajo-1-e1754716517695.png\",\"width\":250,\"height\":151,\"caption\":\"B2V Media\"},\"image\":{\"@id\":\"https:\\\/\\\/b2v.mx\\\/media\\\/#\\\/schema\\\/logo\\\/image\\\/\"},\"sameAs\":[\"https:\\\/\\\/www.facebook.com\\\/b2vmx\",\"https:\\\/\\\/x.com\\\/b2v_mx\",\"https:\\\/\\\/www.instagram.com\\\/b2vmx\\\/\",\"https:\\\/\\\/linkedin.com\\\/business\\\/b2vmx\"]},{\"@type\":\"Person\",\"@id\":\"https:\\\/\\\/b2v.mx\\\/media\\\/#\\\/schema\\\/person\\\/058b2d28689199bd8c1f38257919d607\",\"name\":\"Frida Fern\u00e1ndez\",\"image\":{\"@type\":\"ImageObject\",\"inLanguage\":\"es\",\"@id\":\"https:\\\/\\\/secure.gravatar.com\\\/avatar\\\/d3ed3edb5ad9244525ff6ec76b2fe44b98708dc1a78405d85f6d8fc6c59e69d0?s=96&d=mm&r=g\",\"url\":\"https:\\\/\\\/secure.gravatar.com\\\/avatar\\\/d3ed3edb5ad9244525ff6ec76b2fe44b98708dc1a78405d85f6d8fc6c59e69d0?s=96&d=mm&r=g\",\"contentUrl\":\"https:\\\/\\\/secure.gravatar.com\\\/avatar\\\/d3ed3edb5ad9244525ff6ec76b2fe44b98708dc1a78405d85f6d8fc6c59e69d0?s=96&d=mm&r=g\",\"caption\":\"Frida Fern\u00e1ndez\"},\"description\":\"Periodista con m\u00e1s de 15 a\u00f1os de experiencia en creaci\u00f3n de contenido digital. Estudie la Lic. en Periodismo en la Escuela de Periodismo Carlos Septi\u00e9n Garc\u00eda. Creo en valores como Honestidad, Respeto, Integridad y Justicia. Tengo experiencia en Lucha Libre, Boxeo, Espectaculos, Estilo de Vida, Tecnolog\u00eda e Informaci\u00f3n General. En lugar de preocuparme, me ocupo.\",\"sameAs\":[\"https:\\\/\\\/www.linkedin.com\\\/in\\\/frida-fp-b5725328a?lipi=urnlipaged_flagship3_profile_view_base_contact_detailsKjM2TOQAyVh5xLbgcX3A\",\"https:\\\/\\\/x.com\\\/faridrezzed\"],\"url\":\"https:\\\/\\\/b2v.mx\\\/media\\\/author\\\/frida\\\/\"}]}<\/script>\n<!-- \/ Yoast SEO plugin. -->","yoast_head_json":{"title":"Ciberataques cuestan a PyMes mexicanas hasta 2 mdp - B2V Media","description":"El volumen de ventas y la falta inversi\u00f3n en seguridad cibern\u00e9tica hacen de M\u00e9xico un objetivo principal para sufrir ciberataques.","robots":{"index":"index","follow":"follow","max-snippet":"max-snippet:-1","max-image-preview":"max-image-preview:large","max-video-preview":"max-video-preview:-1"},"canonical":"https:\/\/b2v.mx\/media\/ciberataques-cuestan-a-pymes-mexicanas-hasta-2-mdp\/","og_locale":"es_ES","og_type":"article","og_title":"Ciberataques cuestan a PyMes mexicanas hasta 2 mdp - B2V Media","og_description":"El volumen de ventas y la falta inversi\u00f3n en seguridad cibern\u00e9tica hacen de M\u00e9xico un objetivo principal para sufrir ciberataques.","og_url":"https:\/\/b2v.mx\/media\/ciberataques-cuestan-a-pymes-mexicanas-hasta-2-mdp\/","og_site_name":"B2V Media","article_publisher":"https:\/\/www.facebook.com\/b2vmx","article_published_time":"2023-11-03T13:00:00+00:00","article_modified_time":"2024-02-08T00:53:56+00:00","og_image":[{"width":800,"height":600,"url":"https:\/\/i0.wp.com\/b2v.mx\/media\/wp-content\/uploads\/2023\/10\/Ciberataques-cuestan-a-PyMes-mexicanas-hasta-2-mdp-2.jpg?fit=800%2C600&ssl=1","type":"image\/jpeg"}],"author":"Frida Fern\u00e1ndez","twitter_card":"summary_large_image","twitter_creator":"@faridrezzed","twitter_site":"@b2v_mx","twitter_misc":{"Escrito por":"Frida Fern\u00e1ndez","Tiempo de lectura":"4 minutos"},"schema":{"@context":"https:\/\/schema.org","@graph":[{"@type":"Article","@id":"https:\/\/b2v.mx\/media\/ciberataques-cuestan-a-pymes-mexicanas-hasta-2-mdp\/#article","isPartOf":{"@id":"https:\/\/b2v.mx\/media\/ciberataques-cuestan-a-pymes-mexicanas-hasta-2-mdp\/"},"author":{"name":"Frida Fern\u00e1ndez","@id":"https:\/\/b2v.mx\/media\/#\/schema\/person\/058b2d28689199bd8c1f38257919d607"},"headline":"Ciberataques cuestan a PyMes mexicanas hasta 2 mdp","datePublished":"2023-11-03T13:00:00+00:00","dateModified":"2024-02-08T00:53:56+00:00","mainEntityOfPage":{"@id":"https:\/\/b2v.mx\/media\/ciberataques-cuestan-a-pymes-mexicanas-hasta-2-mdp\/"},"wordCount":745,"commentCount":0,"publisher":{"@id":"https:\/\/b2v.mx\/media\/#organization"},"image":{"@id":"https:\/\/b2v.mx\/media\/ciberataques-cuestan-a-pymes-mexicanas-hasta-2-mdp\/#primaryimage"},"thumbnailUrl":"https:\/\/b2v.mx\/media\/wp-content\/uploads\/2023\/10\/Ciberataques-cuestan-a-PyMes-mexicanas-hasta-2-mdp-2.jpg","articleSection":["Redes"],"inLanguage":"es","potentialAction":[{"@type":"CommentAction","name":"Comment","target":["https:\/\/b2v.mx\/media\/ciberataques-cuestan-a-pymes-mexicanas-hasta-2-mdp\/#respond"]}]},{"@type":"WebPage","@id":"https:\/\/b2v.mx\/media\/ciberataques-cuestan-a-pymes-mexicanas-hasta-2-mdp\/","url":"https:\/\/b2v.mx\/media\/ciberataques-cuestan-a-pymes-mexicanas-hasta-2-mdp\/","name":"Ciberataques cuestan a PyMes mexicanas hasta 2 mdp - B2V Media","isPartOf":{"@id":"https:\/\/b2v.mx\/media\/#website"},"primaryImageOfPage":{"@id":"https:\/\/b2v.mx\/media\/ciberataques-cuestan-a-pymes-mexicanas-hasta-2-mdp\/#primaryimage"},"image":{"@id":"https:\/\/b2v.mx\/media\/ciberataques-cuestan-a-pymes-mexicanas-hasta-2-mdp\/#primaryimage"},"thumbnailUrl":"https:\/\/b2v.mx\/media\/wp-content\/uploads\/2023\/10\/Ciberataques-cuestan-a-PyMes-mexicanas-hasta-2-mdp-2.jpg","datePublished":"2023-11-03T13:00:00+00:00","dateModified":"2024-02-08T00:53:56+00:00","description":"El volumen de ventas y la falta inversi\u00f3n en seguridad cibern\u00e9tica hacen de M\u00e9xico un objetivo principal para sufrir ciberataques.","inLanguage":"es","potentialAction":[{"@type":"ReadAction","target":["https:\/\/b2v.mx\/media\/ciberataques-cuestan-a-pymes-mexicanas-hasta-2-mdp\/"]}]},{"@type":"ImageObject","inLanguage":"es","@id":"https:\/\/b2v.mx\/media\/ciberataques-cuestan-a-pymes-mexicanas-hasta-2-mdp\/#primaryimage","url":"https:\/\/b2v.mx\/media\/wp-content\/uploads\/2023\/10\/Ciberataques-cuestan-a-PyMes-mexicanas-hasta-2-mdp-2.jpg","contentUrl":"https:\/\/b2v.mx\/media\/wp-content\/uploads\/2023\/10\/Ciberataques-cuestan-a-PyMes-mexicanas-hasta-2-mdp-2.jpg","width":800,"height":600,"caption":"Ciberataques cuestan a PyMes mexicanas hasta 2 mdp"},{"@type":"WebSite","@id":"https:\/\/b2v.mx\/media\/#website","url":"https:\/\/b2v.mx\/media\/","name":"B2V Media","description":"Sitio de Contenidos de Negocios","publisher":{"@id":"https:\/\/b2v.mx\/media\/#organization"},"alternateName":"B2V MX","potentialAction":[{"@type":"SearchAction","target":{"@type":"EntryPoint","urlTemplate":"https:\/\/b2v.mx\/media\/?s={search_term_string}"},"query-input":{"@type":"PropertyValueSpecification","valueRequired":true,"valueName":"search_term_string"}}],"inLanguage":"es"},{"@type":"Organization","@id":"https:\/\/b2v.mx\/media\/#organization","name":"B2V Media","alternateName":"B2V MX","url":"https:\/\/b2v.mx\/media\/","logo":{"@type":"ImageObject","inLanguage":"es","@id":"https:\/\/b2v.mx\/media\/#\/schema\/logo\/image\/","url":"https:\/\/b2v.mx\/media\/wp-content\/uploads\/2023\/01\/cropped-Logos_Mesa-de-trabajo-1-e1754716517695.png","contentUrl":"https:\/\/b2v.mx\/media\/wp-content\/uploads\/2023\/01\/cropped-Logos_Mesa-de-trabajo-1-e1754716517695.png","width":250,"height":151,"caption":"B2V Media"},"image":{"@id":"https:\/\/b2v.mx\/media\/#\/schema\/logo\/image\/"},"sameAs":["https:\/\/www.facebook.com\/b2vmx","https:\/\/x.com\/b2v_mx","https:\/\/www.instagram.com\/b2vmx\/","https:\/\/linkedin.com\/business\/b2vmx"]},{"@type":"Person","@id":"https:\/\/b2v.mx\/media\/#\/schema\/person\/058b2d28689199bd8c1f38257919d607","name":"Frida Fern\u00e1ndez","image":{"@type":"ImageObject","inLanguage":"es","@id":"https:\/\/secure.gravatar.com\/avatar\/d3ed3edb5ad9244525ff6ec76b2fe44b98708dc1a78405d85f6d8fc6c59e69d0?s=96&d=mm&r=g","url":"https:\/\/secure.gravatar.com\/avatar\/d3ed3edb5ad9244525ff6ec76b2fe44b98708dc1a78405d85f6d8fc6c59e69d0?s=96&d=mm&r=g","contentUrl":"https:\/\/secure.gravatar.com\/avatar\/d3ed3edb5ad9244525ff6ec76b2fe44b98708dc1a78405d85f6d8fc6c59e69d0?s=96&d=mm&r=g","caption":"Frida Fern\u00e1ndez"},"description":"Periodista con m\u00e1s de 15 a\u00f1os de experiencia en creaci\u00f3n de contenido digital. Estudie la Lic. en Periodismo en la Escuela de Periodismo Carlos Septi\u00e9n Garc\u00eda. Creo en valores como Honestidad, Respeto, Integridad y Justicia. Tengo experiencia en Lucha Libre, Boxeo, Espectaculos, Estilo de Vida, Tecnolog\u00eda e Informaci\u00f3n General. En lugar de preocuparme, me ocupo.","sameAs":["https:\/\/www.linkedin.com\/in\/frida-fp-b5725328a?lipi=urnlipaged_flagship3_profile_view_base_contact_detailsKjM2TOQAyVh5xLbgcX3A","https:\/\/x.com\/faridrezzed"],"url":"https:\/\/b2v.mx\/media\/author\/frida\/"}]}},"_links":{"self":[{"href":"https:\/\/b2v.mx\/media\/wp-json\/wp\/v2\/posts\/7500","targetHints":{"allow":["GET"]}}],"collection":[{"href":"https:\/\/b2v.mx\/media\/wp-json\/wp\/v2\/posts"}],"about":[{"href":"https:\/\/b2v.mx\/media\/wp-json\/wp\/v2\/types\/post"}],"author":[{"embeddable":true,"href":"https:\/\/b2v.mx\/media\/wp-json\/wp\/v2\/users\/4"}],"replies":[{"embeddable":true,"href":"https:\/\/b2v.mx\/media\/wp-json\/wp\/v2\/comments?post=7500"}],"version-history":[{"count":2,"href":"https:\/\/b2v.mx\/media\/wp-json\/wp\/v2\/posts\/7500\/revisions"}],"predecessor-version":[{"id":7522,"href":"https:\/\/b2v.mx\/media\/wp-json\/wp\/v2\/posts\/7500\/revisions\/7522"}],"wp:featuredmedia":[{"embeddable":true,"href":"https:\/\/b2v.mx\/media\/wp-json\/wp\/v2\/media\/7501"}],"wp:attachment":[{"href":"https:\/\/b2v.mx\/media\/wp-json\/wp\/v2\/media?parent=7500"}],"wp:term":[{"taxonomy":"category","embeddable":true,"href":"https:\/\/b2v.mx\/media\/wp-json\/wp\/v2\/categories?post=7500"},{"taxonomy":"post_tag","embeddable":true,"href":"https:\/\/b2v.mx\/media\/wp-json\/wp\/v2\/tags?post=7500"}],"curies":[{"name":"wp","href":"https:\/\/api.w.org\/{rel}","templated":true}]}}