{"id":7506,"date":"2023-10-31T16:10:52","date_gmt":"2023-10-31T22:10:52","guid":{"rendered":"https:\/\/b2v.mx\/media\/?p=7506"},"modified":"2024-02-07T19:17:27","modified_gmt":"2024-02-08T01:17:27","slug":"weed-trade-show-2023-un-vistazo-a-la-industria-del-cannabis-en-mexico","status":"publish","type":"post","link":"https:\/\/b2v.mx\/media\/weed-trade-show-2023-un-vistazo-a-la-industria-del-cannabis-en-mexico\/","title":{"rendered":"Weed Trade Show 2023: un vistazo a la industria del Cannabis en M\u00e9xico"},"content":{"rendered":"\n<p>Durante los tres d\u00edas de la Weed Trade Show habr\u00e1 una galer\u00eda de arte, conferencias, experiencias inmersivas, proyecci\u00f3n de pel\u00edculas y cortos ganadores del Festival Internacional de Cine Cann\u00e1bico (Feicca), experiencias tecnol\u00f3gicas y sostenibles, pasarela del Fashion Weekend, con lo mejor de la moda en c\u00e1\u00f1amo y muchas experiencias m\u00e1s.<\/p>\n\n\n\n<p>\u201cOtra de las atracciones principales ser\u00e1 el T\u00fanel de la Estaci\u00f3n Consciencia que nos va a llevar por una reflexi\u00f3n de c\u00f3mo cuidamos nuestro planeta porque la WTS es una feria pero no s\u00f3lo de cannabis sino de los productos alternativos que nos ayudan a tener una reducci\u00f3n de da\u00f1o, al desarrollo de la personalidad y derechos humano\u201d, asegur\u00f3 Jos\u00e9 Luis P\u00e9rez, Director Ejecutivo de la <a href=\"https:\/\/www.wts-expo.com\/\">Weed Trade Show<\/a>.<\/p>\n\n\n\n<p>A su vez, en el evento -que se celebra por quinto a\u00f1o consecutivo- se fomentar\u00e1 di\u00e1logos cruciales sobre regulaci\u00f3n y calidad de productos, aspectos esenciales para el progreso continuo de la industria.\u00a0<\/p>\n\n\n\n<p>Cabe mencionar que todos los que vayan a asistir al evento puedan obtener completamente gratis su amparo de consumo.<\/p>\n\n\n\n<p>Las entradas para la Weed Trade Show (WTS) 2023 ya est\u00e1n disponibles y se pueden adquirir a trav\u00e9s de la plataforma Boletia, TicketApp o en la p\u00e1gina oficial del evento WTS Weed Trade Show Ciudad De M\u00e9xico.\u00a0<\/p>\n\n\n\n<figure class=\"wp-block-image size-large\"><img fetchpriority=\"high\" decoding=\"async\" width=\"1024\" height=\"380\" src=\"https:\/\/b2v.mx\/media\/wp-content\/uploads\/2023\/10\/Weed-Trade-Show-2023-un-vistazo-a-la-industria-del-Cannabis-en-Mexico-1024x380.jpg\" alt=\"Qu\u00e9 es Weed Trade Show\" class=\"wp-image-7507\" srcset=\"https:\/\/b2v.mx\/media\/wp-content\/uploads\/2023\/10\/Weed-Trade-Show-2023-un-vistazo-a-la-industria-del-Cannabis-en-Mexico-1024x380.jpg 1024w, https:\/\/b2v.mx\/media\/wp-content\/uploads\/2023\/10\/Weed-Trade-Show-2023-un-vistazo-a-la-industria-del-Cannabis-en-Mexico-300x111.jpg 300w, https:\/\/b2v.mx\/media\/wp-content\/uploads\/2023\/10\/Weed-Trade-Show-2023-un-vistazo-a-la-industria-del-Cannabis-en-Mexico-768x285.jpg 768w, https:\/\/b2v.mx\/media\/wp-content\/uploads\/2023\/10\/Weed-Trade-Show-2023-un-vistazo-a-la-industria-del-Cannabis-en-Mexico.jpg 1366w\" sizes=\"(max-width: 1024px) 100vw, 1024px\" \/><\/figure>\n\n\n\n<h4 class=\"wp-block-heading\">INDUSTRIA DE CANNABIS EN M\u00c9XICO<\/h4>\n\n\n\n<p>La industria de la cannabis en M\u00e9xico est\u00e1 experimentando un crecimiento sin precedentes en sectores espec\u00edficos como el de productos medicinales hasta textiles de c\u00e1\u00f1amo y tecnolog\u00eda de cultivo avanzada.<\/p>\n\n\n\n<p>Al respecto, el Dr. Abel Cruz -quien tambi\u00e9n estuvo presente en la conferencia de prensa de la Weed Trade Show 2023- se\u00f1al\u00f3 que en M\u00e9xico el incremento de pacientes con enfermedades mentales, diabetes e hipertensi\u00f3n ha incrementado; sin embargo, el tratamiento que generalmente se sigue es el al\u00f3pata dejando de lado los tratamientos alternativos.<\/p>\n\n\n\n<p>\u201cM\u00e9xico es un oasis en la producci\u00f3n de productos naturales y en este caso la cannabis es uno de ellos y lo debemos aprovechar. Primero porque econ\u00f3micamente se aportar\u00edan miles de millones de pesos y en segundo plano, por la salud. Con la cannabis se podr\u00edan tratar muchos padecimientos sin tantas secuelas como en parkinson y epilepsia\u201d.<\/p>\n\n\n\n<p>El m\u00e9dico enfatiz\u00f3 que hay que respetar los derechos humanos, pero tambi\u00e9n respetar el derecho a la salud porque este no es s\u00f3lo que el gobierno de acceso a medicamento sino que tambi\u00e9n incluye la autonom\u00eda para elegir qu\u00e9 tratamiento queremos seguir.<\/p>\n\n\n\n<h4 class=\"wp-block-heading\"><a href=\"https:\/\/b2v.mx\/media\/2023\/10\/25\/todo-listo-para-el-festival-de-las-almas-2023\/\">PODR\u00cdA INTERESARTE: \u00a1Todo listo para el Festival de las Almas 2023!<\/a><\/h4>\n","protected":false},"excerpt":{"rendered":"<p>Durante los tres d\u00edas de la Weed Trade Show habr\u00e1 una galer\u00eda de arte, conferencias, experiencias inmersivas, proyecci\u00f3n de pel\u00edculas y cortos ganadores del Festival Internacional de Cine Cann\u00e1bico (Feicca), experiencias tecnol\u00f3gicas y sostenibles, pasarela del Fashion Weekend, con lo mejor de la moda en c\u00e1\u00f1amo y muchas experiencias m\u00e1s. \u201cOtra de las atracciones principales [&hellip;]<\/p>\n","protected":false},"author":4,"featured_media":7508,"comment_status":"open","ping_status":"open","sticky":false,"template":"","format":"standard","meta":{"_eb_attr":"","_monsterinsights_skip_tracking":false,"_monsterinsights_sitenote_active":false,"_monsterinsights_sitenote_note":"","_monsterinsights_sitenote_category":0,"site-sidebar-layout":"default","site-content-layout":"","ast-site-content-layout":"default","site-content-style":"default","site-sidebar-style":"default","ast-global-header-display":"","ast-banner-title-visibility":"","ast-main-header-display":"","ast-hfb-above-header-display":"","ast-hfb-below-header-display":"","ast-hfb-mobile-header-display":"","site-post-title":"","ast-breadcrumbs-content":"","ast-featured-img":"","footer-sml-layout":"","theme-transparent-header-meta":"","adv-header-id-meta":"","stick-header-meta":"","header-above-stick-meta":"","header-main-stick-meta":"","header-below-stick-meta":"","astra-migrate-meta-layouts":"set","ast-page-background-enabled":"default","ast-page-background-meta":{"desktop":{"background-color":"","background-image":"","background-repeat":"repeat","background-position":"center center","background-size":"auto","background-attachment":"scroll","background-type":"","background-media":"","overlay-type":"","overlay-color":"","overlay-opacity":"","overlay-gradient":""},"tablet":{"background-color":"","background-image":"","background-repeat":"repeat","background-position":"center center","background-size":"auto","background-attachment":"scroll","background-type":"","background-media":"","overlay-type":"","overlay-color":"","overlay-opacity":"","overlay-gradient":""},"mobile":{"background-color":"","background-image":"","background-repeat":"repeat","background-position":"center center","background-size":"auto","background-attachment":"scroll","background-type":"","background-media":"","overlay-type":"","overlay-color":"","overlay-opacity":"","overlay-gradient":""}},"ast-content-background-meta":{"desktop":{"background-color":"var(--ast-global-color-5)","background-image":"","background-repeat":"repeat","background-position":"center center","background-size":"auto","background-attachment":"scroll","background-type":"","background-media":"","overlay-type":"","overlay-color":"","overlay-opacity":"","overlay-gradient":""},"tablet":{"background-color":"var(--ast-global-color-5)","background-image":"","background-repeat":"repeat","background-position":"center center","background-size":"auto","background-attachment":"scroll","background-type":"","background-media":"","overlay-type":"","overlay-color":"","overlay-opacity":"","overlay-gradient":""},"mobile":{"background-color":"var(--ast-global-color-5)","background-image":"","background-repeat":"repeat","background-position":"center center","background-size":"auto","background-attachment":"scroll","background-type":"","background-media":"","overlay-type":"","overlay-color":"","overlay-opacity":"","overlay-gradient":""}},"footnotes":"","_wpscppro_dont_share_socialmedia":false,"_wpscppro_custom_social_share_image":0,"_facebook_share_type":"","_twitter_share_type":"","_linkedin_share_type":"","_pinterest_share_type":"","_linkedin_share_type_page":"","_instagram_share_type":"","_medium_share_type":"","_threads_share_type":"","_selected_social_profile":[],"_wpsp_enable_custom_social_template":false,"_wpsp_social_scheduling":{"enabled":false,"datetime":null,"platforms":[],"status":"template_only","dateOption":"today","timeOption":"now","customDays":"","customHours":"","customDate":"","customTime":"","schedulingType":"absolute"},"_wpsp_active_default_template":true},"categories":[61],"tags":[],"class_list":["post-7506","post","type-post","status-publish","format-standard","has-post-thumbnail","hentry","category-lifestyle"],"yoast_head":"<!-- This site is optimized with the Yoast SEO plugin v27.4 - https:\/\/yoast.com\/product\/yoast-seo-wordpress\/ -->\n<title>Weed Trade Show 2023: un vistazo a la industria del Cannabis en M\u00e9xico - B2V Media<\/title>\n<meta name=\"description\" content=\"La Weed Trade Show 2023 se llevar\u00e1 a cabo del 3 al 5 de noviembre\u00a0 en el WTC y mostrar\u00e1 el amplio crecimiento de la industria cannabica.\" \/>\n<meta name=\"robots\" content=\"index, follow, max-snippet:-1, max-image-preview:large, max-video-preview:-1\" \/>\n<link rel=\"canonical\" href=\"https:\/\/b2v.mx\/media\/weed-trade-show-2023-un-vistazo-a-la-industria-del-cannabis-en-mexico\/\" \/>\n<meta property=\"og:locale\" content=\"es_ES\" \/>\n<meta property=\"og:type\" content=\"article\" \/>\n<meta property=\"og:title\" content=\"Weed Trade Show 2023: un vistazo a la industria del Cannabis en M\u00e9xico - B2V Media\" \/>\n<meta property=\"og:description\" content=\"La Weed Trade Show 2023 se llevar\u00e1 a cabo del 3 al 5 de noviembre\u00a0 en el WTC y mostrar\u00e1 el amplio crecimiento de la industria cannabica.\" \/>\n<meta property=\"og:url\" content=\"https:\/\/b2v.mx\/media\/weed-trade-show-2023-un-vistazo-a-la-industria-del-cannabis-en-mexico\/\" \/>\n<meta property=\"og:site_name\" content=\"B2V Media\" \/>\n<meta property=\"article:publisher\" content=\"https:\/\/www.facebook.com\/b2vmx\" \/>\n<meta property=\"article:published_time\" content=\"2023-10-31T22:10:52+00:00\" \/>\n<meta property=\"article:modified_time\" content=\"2024-02-08T01:17:27+00:00\" \/>\n<meta property=\"og:image\" content=\"https:\/\/i0.wp.com\/b2v.mx\/media\/wp-content\/uploads\/2023\/10\/QUE-ES-WEED-TRADE-SHOW.jpg?fit=1600%2C1200&ssl=1\" \/>\n\t<meta property=\"og:image:width\" content=\"1600\" \/>\n\t<meta property=\"og:image:height\" content=\"1200\" \/>\n\t<meta property=\"og:image:type\" content=\"image\/jpeg\" \/>\n<meta name=\"author\" content=\"Frida Fern\u00e1ndez\" \/>\n<meta name=\"twitter:card\" content=\"summary_large_image\" \/>\n<meta name=\"twitter:creator\" content=\"@faridrezzed\" \/>\n<meta name=\"twitter:site\" content=\"@b2v_mx\" \/>\n<meta name=\"twitter:label1\" content=\"Escrito por\" \/>\n\t<meta name=\"twitter:data1\" content=\"Frida Fern\u00e1ndez\" \/>\n\t<meta name=\"twitter:label2\" content=\"Tiempo de lectura\" \/>\n\t<meta name=\"twitter:data2\" content=\"3 minutos\" \/>\n<script type=\"application\/ld+json\" class=\"yoast-schema-graph\">{\"@context\":\"https:\\\/\\\/schema.org\",\"@graph\":[{\"@type\":\"Article\",\"@id\":\"https:\\\/\\\/b2v.mx\\\/media\\\/weed-trade-show-2023-un-vistazo-a-la-industria-del-cannabis-en-mexico\\\/#article\",\"isPartOf\":{\"@id\":\"https:\\\/\\\/b2v.mx\\\/media\\\/weed-trade-show-2023-un-vistazo-a-la-industria-del-cannabis-en-mexico\\\/\"},\"author\":{\"name\":\"Frida Fern\u00e1ndez\",\"@id\":\"https:\\\/\\\/b2v.mx\\\/media\\\/#\\\/schema\\\/person\\\/058b2d28689199bd8c1f38257919d607\"},\"headline\":\"Weed Trade Show 2023: un vistazo a la industria del Cannabis en M\u00e9xico\",\"datePublished\":\"2023-10-31T22:10:52+00:00\",\"dateModified\":\"2024-02-08T01:17:27+00:00\",\"mainEntityOfPage\":{\"@id\":\"https:\\\/\\\/b2v.mx\\\/media\\\/weed-trade-show-2023-un-vistazo-a-la-industria-del-cannabis-en-mexico\\\/\"},\"wordCount\":461,\"commentCount\":0,\"publisher\":{\"@id\":\"https:\\\/\\\/b2v.mx\\\/media\\\/#organization\"},\"image\":{\"@id\":\"https:\\\/\\\/b2v.mx\\\/media\\\/weed-trade-show-2023-un-vistazo-a-la-industria-del-cannabis-en-mexico\\\/#primaryimage\"},\"thumbnailUrl\":\"https:\\\/\\\/b2v.mx\\\/media\\\/wp-content\\\/uploads\\\/2023\\\/10\\\/QUE-ES-WEED-TRADE-SHOW.jpg\",\"articleSection\":[\"Vida &amp; Estilo\"],\"inLanguage\":\"es\",\"potentialAction\":[{\"@type\":\"CommentAction\",\"name\":\"Comment\",\"target\":[\"https:\\\/\\\/b2v.mx\\\/media\\\/weed-trade-show-2023-un-vistazo-a-la-industria-del-cannabis-en-mexico\\\/#respond\"]}]},{\"@type\":\"WebPage\",\"@id\":\"https:\\\/\\\/b2v.mx\\\/media\\\/weed-trade-show-2023-un-vistazo-a-la-industria-del-cannabis-en-mexico\\\/\",\"url\":\"https:\\\/\\\/b2v.mx\\\/media\\\/weed-trade-show-2023-un-vistazo-a-la-industria-del-cannabis-en-mexico\\\/\",\"name\":\"Weed Trade Show 2023: un vistazo a la industria del Cannabis en M\u00e9xico - B2V Media\",\"isPartOf\":{\"@id\":\"https:\\\/\\\/b2v.mx\\\/media\\\/#website\"},\"primaryImageOfPage\":{\"@id\":\"https:\\\/\\\/b2v.mx\\\/media\\\/weed-trade-show-2023-un-vistazo-a-la-industria-del-cannabis-en-mexico\\\/#primaryimage\"},\"image\":{\"@id\":\"https:\\\/\\\/b2v.mx\\\/media\\\/weed-trade-show-2023-un-vistazo-a-la-industria-del-cannabis-en-mexico\\\/#primaryimage\"},\"thumbnailUrl\":\"https:\\\/\\\/b2v.mx\\\/media\\\/wp-content\\\/uploads\\\/2023\\\/10\\\/QUE-ES-WEED-TRADE-SHOW.jpg\",\"datePublished\":\"2023-10-31T22:10:52+00:00\",\"dateModified\":\"2024-02-08T01:17:27+00:00\",\"description\":\"La Weed Trade Show 2023 se llevar\u00e1 a cabo del 3 al 5 de noviembre\u00a0 en el WTC y mostrar\u00e1 el amplio crecimiento de la industria cannabica.\",\"inLanguage\":\"es\",\"potentialAction\":[{\"@type\":\"ReadAction\",\"target\":[\"https:\\\/\\\/b2v.mx\\\/media\\\/weed-trade-show-2023-un-vistazo-a-la-industria-del-cannabis-en-mexico\\\/\"]}]},{\"@type\":\"ImageObject\",\"inLanguage\":\"es\",\"@id\":\"https:\\\/\\\/b2v.mx\\\/media\\\/weed-trade-show-2023-un-vistazo-a-la-industria-del-cannabis-en-mexico\\\/#primaryimage\",\"url\":\"https:\\\/\\\/b2v.mx\\\/media\\\/wp-content\\\/uploads\\\/2023\\\/10\\\/QUE-ES-WEED-TRADE-SHOW.jpg\",\"contentUrl\":\"https:\\\/\\\/b2v.mx\\\/media\\\/wp-content\\\/uploads\\\/2023\\\/10\\\/QUE-ES-WEED-TRADE-SHOW.jpg\",\"width\":1600,\"height\":1200,\"caption\":\"Weed Trade Show 2023 un vistazo a la industria del Cannabis en M\u00e9xico\"},{\"@type\":\"WebSite\",\"@id\":\"https:\\\/\\\/b2v.mx\\\/media\\\/#website\",\"url\":\"https:\\\/\\\/b2v.mx\\\/media\\\/\",\"name\":\"B2V Media\",\"description\":\"Sitio de Contenidos de Negocios\",\"publisher\":{\"@id\":\"https:\\\/\\\/b2v.mx\\\/media\\\/#organization\"},\"alternateName\":\"B2V MX\",\"potentialAction\":[{\"@type\":\"SearchAction\",\"target\":{\"@type\":\"EntryPoint\",\"urlTemplate\":\"https:\\\/\\\/b2v.mx\\\/media\\\/?s={search_term_string}\"},\"query-input\":{\"@type\":\"PropertyValueSpecification\",\"valueRequired\":true,\"valueName\":\"search_term_string\"}}],\"inLanguage\":\"es\"},{\"@type\":\"Organization\",\"@id\":\"https:\\\/\\\/b2v.mx\\\/media\\\/#organization\",\"name\":\"B2V Media\",\"alternateName\":\"B2V MX\",\"url\":\"https:\\\/\\\/b2v.mx\\\/media\\\/\",\"logo\":{\"@type\":\"ImageObject\",\"inLanguage\":\"es\",\"@id\":\"https:\\\/\\\/b2v.mx\\\/media\\\/#\\\/schema\\\/logo\\\/image\\\/\",\"url\":\"https:\\\/\\\/b2v.mx\\\/media\\\/wp-content\\\/uploads\\\/2023\\\/01\\\/cropped-Logos_Mesa-de-trabajo-1-e1754716517695.png\",\"contentUrl\":\"https:\\\/\\\/b2v.mx\\\/media\\\/wp-content\\\/uploads\\\/2023\\\/01\\\/cropped-Logos_Mesa-de-trabajo-1-e1754716517695.png\",\"width\":250,\"height\":151,\"caption\":\"B2V Media\"},\"image\":{\"@id\":\"https:\\\/\\\/b2v.mx\\\/media\\\/#\\\/schema\\\/logo\\\/image\\\/\"},\"sameAs\":[\"https:\\\/\\\/www.facebook.com\\\/b2vmx\",\"https:\\\/\\\/x.com\\\/b2v_mx\",\"https:\\\/\\\/www.instagram.com\\\/b2vmx\\\/\",\"https:\\\/\\\/linkedin.com\\\/business\\\/b2vmx\"]},{\"@type\":\"Person\",\"@id\":\"https:\\\/\\\/b2v.mx\\\/media\\\/#\\\/schema\\\/person\\\/058b2d28689199bd8c1f38257919d607\",\"name\":\"Frida Fern\u00e1ndez\",\"image\":{\"@type\":\"ImageObject\",\"inLanguage\":\"es\",\"@id\":\"https:\\\/\\\/secure.gravatar.com\\\/avatar\\\/d3ed3edb5ad9244525ff6ec76b2fe44b98708dc1a78405d85f6d8fc6c59e69d0?s=96&d=mm&r=g\",\"url\":\"https:\\\/\\\/secure.gravatar.com\\\/avatar\\\/d3ed3edb5ad9244525ff6ec76b2fe44b98708dc1a78405d85f6d8fc6c59e69d0?s=96&d=mm&r=g\",\"contentUrl\":\"https:\\\/\\\/secure.gravatar.com\\\/avatar\\\/d3ed3edb5ad9244525ff6ec76b2fe44b98708dc1a78405d85f6d8fc6c59e69d0?s=96&d=mm&r=g\",\"caption\":\"Frida Fern\u00e1ndez\"},\"description\":\"Periodista con m\u00e1s de 15 a\u00f1os de experiencia en creaci\u00f3n de contenido digital. Estudie la Lic. en Periodismo en la Escuela de Periodismo Carlos Septi\u00e9n Garc\u00eda. Creo en valores como Honestidad, Respeto, Integridad y Justicia. Tengo experiencia en Lucha Libre, Boxeo, Espectaculos, Estilo de Vida, Tecnolog\u00eda e Informaci\u00f3n General. En lugar de preocuparme, me ocupo.\",\"sameAs\":[\"https:\\\/\\\/www.linkedin.com\\\/in\\\/frida-fp-b5725328a?lipi=urnlipaged_flagship3_profile_view_base_contact_detailsKjM2TOQAyVh5xLbgcX3A\",\"https:\\\/\\\/x.com\\\/faridrezzed\"],\"url\":\"https:\\\/\\\/b2v.mx\\\/media\\\/author\\\/frida\\\/\"}]}<\/script>\n<!-- \/ Yoast SEO plugin. -->","yoast_head_json":{"title":"Weed Trade Show 2023: un vistazo a la industria del Cannabis en M\u00e9xico - B2V Media","description":"La Weed Trade Show 2023 se llevar\u00e1 a cabo del 3 al 5 de noviembre\u00a0 en el WTC y mostrar\u00e1 el amplio crecimiento de la industria cannabica.","robots":{"index":"index","follow":"follow","max-snippet":"max-snippet:-1","max-image-preview":"max-image-preview:large","max-video-preview":"max-video-preview:-1"},"canonical":"https:\/\/b2v.mx\/media\/weed-trade-show-2023-un-vistazo-a-la-industria-del-cannabis-en-mexico\/","og_locale":"es_ES","og_type":"article","og_title":"Weed Trade Show 2023: un vistazo a la industria del Cannabis en M\u00e9xico - B2V Media","og_description":"La Weed Trade Show 2023 se llevar\u00e1 a cabo del 3 al 5 de noviembre\u00a0 en el WTC y mostrar\u00e1 el amplio crecimiento de la industria cannabica.","og_url":"https:\/\/b2v.mx\/media\/weed-trade-show-2023-un-vistazo-a-la-industria-del-cannabis-en-mexico\/","og_site_name":"B2V Media","article_publisher":"https:\/\/www.facebook.com\/b2vmx","article_published_time":"2023-10-31T22:10:52+00:00","article_modified_time":"2024-02-08T01:17:27+00:00","og_image":[{"width":1600,"height":1200,"url":"https:\/\/i0.wp.com\/b2v.mx\/media\/wp-content\/uploads\/2023\/10\/QUE-ES-WEED-TRADE-SHOW.jpg?fit=1600%2C1200&ssl=1","type":"image\/jpeg"}],"author":"Frida Fern\u00e1ndez","twitter_card":"summary_large_image","twitter_creator":"@faridrezzed","twitter_site":"@b2v_mx","twitter_misc":{"Escrito por":"Frida Fern\u00e1ndez","Tiempo de lectura":"3 minutos"},"schema":{"@context":"https:\/\/schema.org","@graph":[{"@type":"Article","@id":"https:\/\/b2v.mx\/media\/weed-trade-show-2023-un-vistazo-a-la-industria-del-cannabis-en-mexico\/#article","isPartOf":{"@id":"https:\/\/b2v.mx\/media\/weed-trade-show-2023-un-vistazo-a-la-industria-del-cannabis-en-mexico\/"},"author":{"name":"Frida Fern\u00e1ndez","@id":"https:\/\/b2v.mx\/media\/#\/schema\/person\/058b2d28689199bd8c1f38257919d607"},"headline":"Weed Trade Show 2023: un vistazo a la industria del Cannabis en M\u00e9xico","datePublished":"2023-10-31T22:10:52+00:00","dateModified":"2024-02-08T01:17:27+00:00","mainEntityOfPage":{"@id":"https:\/\/b2v.mx\/media\/weed-trade-show-2023-un-vistazo-a-la-industria-del-cannabis-en-mexico\/"},"wordCount":461,"commentCount":0,"publisher":{"@id":"https:\/\/b2v.mx\/media\/#organization"},"image":{"@id":"https:\/\/b2v.mx\/media\/weed-trade-show-2023-un-vistazo-a-la-industria-del-cannabis-en-mexico\/#primaryimage"},"thumbnailUrl":"https:\/\/b2v.mx\/media\/wp-content\/uploads\/2023\/10\/QUE-ES-WEED-TRADE-SHOW.jpg","articleSection":["Vida &amp; Estilo"],"inLanguage":"es","potentialAction":[{"@type":"CommentAction","name":"Comment","target":["https:\/\/b2v.mx\/media\/weed-trade-show-2023-un-vistazo-a-la-industria-del-cannabis-en-mexico\/#respond"]}]},{"@type":"WebPage","@id":"https:\/\/b2v.mx\/media\/weed-trade-show-2023-un-vistazo-a-la-industria-del-cannabis-en-mexico\/","url":"https:\/\/b2v.mx\/media\/weed-trade-show-2023-un-vistazo-a-la-industria-del-cannabis-en-mexico\/","name":"Weed Trade Show 2023: un vistazo a la industria del Cannabis en M\u00e9xico - B2V Media","isPartOf":{"@id":"https:\/\/b2v.mx\/media\/#website"},"primaryImageOfPage":{"@id":"https:\/\/b2v.mx\/media\/weed-trade-show-2023-un-vistazo-a-la-industria-del-cannabis-en-mexico\/#primaryimage"},"image":{"@id":"https:\/\/b2v.mx\/media\/weed-trade-show-2023-un-vistazo-a-la-industria-del-cannabis-en-mexico\/#primaryimage"},"thumbnailUrl":"https:\/\/b2v.mx\/media\/wp-content\/uploads\/2023\/10\/QUE-ES-WEED-TRADE-SHOW.jpg","datePublished":"2023-10-31T22:10:52+00:00","dateModified":"2024-02-08T01:17:27+00:00","description":"La Weed Trade Show 2023 se llevar\u00e1 a cabo del 3 al 5 de noviembre\u00a0 en el WTC y mostrar\u00e1 el amplio crecimiento de la industria cannabica.","inLanguage":"es","potentialAction":[{"@type":"ReadAction","target":["https:\/\/b2v.mx\/media\/weed-trade-show-2023-un-vistazo-a-la-industria-del-cannabis-en-mexico\/"]}]},{"@type":"ImageObject","inLanguage":"es","@id":"https:\/\/b2v.mx\/media\/weed-trade-show-2023-un-vistazo-a-la-industria-del-cannabis-en-mexico\/#primaryimage","url":"https:\/\/b2v.mx\/media\/wp-content\/uploads\/2023\/10\/QUE-ES-WEED-TRADE-SHOW.jpg","contentUrl":"https:\/\/b2v.mx\/media\/wp-content\/uploads\/2023\/10\/QUE-ES-WEED-TRADE-SHOW.jpg","width":1600,"height":1200,"caption":"Weed Trade Show 2023 un vistazo a la industria del Cannabis en M\u00e9xico"},{"@type":"WebSite","@id":"https:\/\/b2v.mx\/media\/#website","url":"https:\/\/b2v.mx\/media\/","name":"B2V Media","description":"Sitio de Contenidos de Negocios","publisher":{"@id":"https:\/\/b2v.mx\/media\/#organization"},"alternateName":"B2V MX","potentialAction":[{"@type":"SearchAction","target":{"@type":"EntryPoint","urlTemplate":"https:\/\/b2v.mx\/media\/?s={search_term_string}"},"query-input":{"@type":"PropertyValueSpecification","valueRequired":true,"valueName":"search_term_string"}}],"inLanguage":"es"},{"@type":"Organization","@id":"https:\/\/b2v.mx\/media\/#organization","name":"B2V Media","alternateName":"B2V MX","url":"https:\/\/b2v.mx\/media\/","logo":{"@type":"ImageObject","inLanguage":"es","@id":"https:\/\/b2v.mx\/media\/#\/schema\/logo\/image\/","url":"https:\/\/b2v.mx\/media\/wp-content\/uploads\/2023\/01\/cropped-Logos_Mesa-de-trabajo-1-e1754716517695.png","contentUrl":"https:\/\/b2v.mx\/media\/wp-content\/uploads\/2023\/01\/cropped-Logos_Mesa-de-trabajo-1-e1754716517695.png","width":250,"height":151,"caption":"B2V Media"},"image":{"@id":"https:\/\/b2v.mx\/media\/#\/schema\/logo\/image\/"},"sameAs":["https:\/\/www.facebook.com\/b2vmx","https:\/\/x.com\/b2v_mx","https:\/\/www.instagram.com\/b2vmx\/","https:\/\/linkedin.com\/business\/b2vmx"]},{"@type":"Person","@id":"https:\/\/b2v.mx\/media\/#\/schema\/person\/058b2d28689199bd8c1f38257919d607","name":"Frida Fern\u00e1ndez","image":{"@type":"ImageObject","inLanguage":"es","@id":"https:\/\/secure.gravatar.com\/avatar\/d3ed3edb5ad9244525ff6ec76b2fe44b98708dc1a78405d85f6d8fc6c59e69d0?s=96&d=mm&r=g","url":"https:\/\/secure.gravatar.com\/avatar\/d3ed3edb5ad9244525ff6ec76b2fe44b98708dc1a78405d85f6d8fc6c59e69d0?s=96&d=mm&r=g","contentUrl":"https:\/\/secure.gravatar.com\/avatar\/d3ed3edb5ad9244525ff6ec76b2fe44b98708dc1a78405d85f6d8fc6c59e69d0?s=96&d=mm&r=g","caption":"Frida Fern\u00e1ndez"},"description":"Periodista con m\u00e1s de 15 a\u00f1os de experiencia en creaci\u00f3n de contenido digital. Estudie la Lic. en Periodismo en la Escuela de Periodismo Carlos Septi\u00e9n Garc\u00eda. Creo en valores como Honestidad, Respeto, Integridad y Justicia. Tengo experiencia en Lucha Libre, Boxeo, Espectaculos, Estilo de Vida, Tecnolog\u00eda e Informaci\u00f3n General. En lugar de preocuparme, me ocupo.","sameAs":["https:\/\/www.linkedin.com\/in\/frida-fp-b5725328a?lipi=urnlipaged_flagship3_profile_view_base_contact_detailsKjM2TOQAyVh5xLbgcX3A","https:\/\/x.com\/faridrezzed"],"url":"https:\/\/b2v.mx\/media\/author\/frida\/"}]}},"_links":{"self":[{"href":"https:\/\/b2v.mx\/media\/wp-json\/wp\/v2\/posts\/7506","targetHints":{"allow":["GET"]}}],"collection":[{"href":"https:\/\/b2v.mx\/media\/wp-json\/wp\/v2\/posts"}],"about":[{"href":"https:\/\/b2v.mx\/media\/wp-json\/wp\/v2\/types\/post"}],"author":[{"embeddable":true,"href":"https:\/\/b2v.mx\/media\/wp-json\/wp\/v2\/users\/4"}],"replies":[{"embeddable":true,"href":"https:\/\/b2v.mx\/media\/wp-json\/wp\/v2\/comments?post=7506"}],"version-history":[{"count":2,"href":"https:\/\/b2v.mx\/media\/wp-json\/wp\/v2\/posts\/7506\/revisions"}],"predecessor-version":[{"id":7774,"href":"https:\/\/b2v.mx\/media\/wp-json\/wp\/v2\/posts\/7506\/revisions\/7774"}],"wp:featuredmedia":[{"embeddable":true,"href":"https:\/\/b2v.mx\/media\/wp-json\/wp\/v2\/media\/7508"}],"wp:attachment":[{"href":"https:\/\/b2v.mx\/media\/wp-json\/wp\/v2\/media?parent=7506"}],"wp:term":[{"taxonomy":"category","embeddable":true,"href":"https:\/\/b2v.mx\/media\/wp-json\/wp\/v2\/categories?post=7506"},{"taxonomy":"post_tag","embeddable":true,"href":"https:\/\/b2v.mx\/media\/wp-json\/wp\/v2\/tags?post=7506"}],"curies":[{"name":"wp","href":"https:\/\/api.w.org\/{rel}","templated":true}]}}