{"id":8666,"date":"2024-11-11T12:25:38","date_gmt":"2024-11-11T18:25:38","guid":{"rendered":"https:\/\/b2v.mx\/media\/?p=8666"},"modified":"2025-02-03T12:02:43","modified_gmt":"2025-02-03T18:02:43","slug":"evolucion-de-la-logistica-en-cadenas-eficientes-empresas-invencibles-de-antonio-arranz","status":"publish","type":"post","link":"https:\/\/b2v.mx\/media\/evolucion-de-la-logistica-en-cadenas-eficientes-empresas-invencibles-de-antonio-arranz\/","title":{"rendered":"Panorama log\u00edstico: \u00abCadenas eficientes, empresas invencibles\u00bb, de Antonio Arranz"},"content":{"rendered":"\n<p>A lo largo de la historia, la gesti\u00f3n de la producci\u00f3n y distribuci\u00f3n de bienes ha sido esencial para el desarrollo de las civilizaciones. <strong>En su libro \u201cCadenas eficientes, empresas invencibles\u201d, Antonio Arranz, CEO de DHL Express M\u00e9xico, <\/strong>nos invita a explorar, a trav\u00e9s de una narrativa cautivadora, la evoluci\u00f3n de las cadenas de suministro y la log\u00edstica en el tiempo.<\/p>\n\n\n\n<p>Desde las primeras sociedades agr\u00edcolas que surgieron hace m\u00e1s de 10 mil a\u00f1os en el Neol\u00edtico, hasta las complejas redes comerciales actuales, la capacidad para organizar y optimizar el flujo de recursos ha sido clave para el crecimiento econ\u00f3mico y social. En aquellos tiempos, los humanos comenzaron a cultivar y domesticar animales, lo que dio lugar a la divisi\u00f3n del trabajo y al comercio. Sin embargo, aunque exist\u00edan estas primeras cadenas, no fue hasta 1982 cuando inici\u00f3 su formalizaci\u00f3n y an\u00e1lisis en el \u00e1mbito moderno.<\/p>\n\n\n\n<p>El autor menciona c\u00f3mo, desde tiempos antiguos, especialmente durante las guerras, era com\u00fan sitiar ciudades para provocar un \u201cestrangulamiento log\u00edstico\u201d, es decir, interrumpir el flujo de recursos vitales como alimentos, agua y armamento. Esta estrategia forzaba la rendici\u00f3n del enemigo al cortar su capacidad de abastecimiento. <strong>\u201cMantener una tropa en combate implica dotarla de una gran cantidad de suministros\u201d, una lecci\u00f3n que sigue siendo aplicable hasta hoy<\/strong> <strong>en diversas \u00e1reas.<\/strong><\/p>\n\n\n\n<p><\/p>\n\n\n\n<figure class=\"wp-block-gallery has-nested-images columns-default is-cropped wp-block-gallery-1 is-layout-flex wp-block-gallery-is-layout-flex\">\n<figure class=\"wp-block-image size-large\"><img fetchpriority=\"high\" decoding=\"async\" width=\"1024\" height=\"421\" data-id=\"8700\" src=\"https:\/\/b2v.mx\/media\/wp-content\/uploads\/2024\/11\/WhatsApp-Image-2024-11-11-at-12.43.47-PM-2-1024x421.webp\" alt=\"\" class=\"wp-image-8700\" srcset=\"https:\/\/b2v.mx\/media\/wp-content\/uploads\/2024\/11\/WhatsApp-Image-2024-11-11-at-12.43.47-PM-2-1024x421.webp 1024w, https:\/\/b2v.mx\/media\/wp-content\/uploads\/2024\/11\/WhatsApp-Image-2024-11-11-at-12.43.47-PM-2-300x123.webp 300w, https:\/\/b2v.mx\/media\/wp-content\/uploads\/2024\/11\/WhatsApp-Image-2024-11-11-at-12.43.47-PM-2-768x316.webp 768w, https:\/\/b2v.mx\/media\/wp-content\/uploads\/2024\/11\/WhatsApp-Image-2024-11-11-at-12.43.47-PM-2-1536x631.webp 1536w, https:\/\/b2v.mx\/media\/wp-content\/uploads\/2024\/11\/WhatsApp-Image-2024-11-11-at-12.43.47-PM-2.webp 1564w\" sizes=\"(max-width: 1024px) 100vw, 1024px\" \/><\/figure>\n<\/figure>\n\n\n\n<p><\/p>\n\n\n\n<p><strong>Primera parte: Un recorrido hist\u00f3rico<\/strong><\/p>\n\n\n\n<p>Arranz destaca que las cadenas de suministro y la log\u00edstica est\u00e1n presentes en casi todos los aspectos de nuestra vida cotidiana. <strong>Dividido en dos partes, el libro ofrece, en primer lugar, un recorrido hist\u00f3rico <\/strong>que muestra esta evoluci\u00f3n, desde el surgimiento de la log\u00edstica 1.0 hasta la 4.0, cada etapa marcada por avances y transformaciones significativos.<\/p>\n\n\n\n<p>La log\u00edstica 1.0 fue precedida por transformaciones profundas como la Revoluci\u00f3n Industrial y se caracteriz\u00f3 por la invenci\u00f3n de la m\u00e1quina de vapor, que impuls\u00f3 el desarrollo de barcos y ferrocarriles, reduciendo los tiempos de transporte y aumentando la capacidad de carga, lo que permiti\u00f3 un comercio mucho m\u00e1s eficiente.<\/p>\n\n\n\n<p><strong>Actualmente nos encontramos en la era de la log\u00edstica 4.0,<\/strong> impulsada por factores cruciales como la creciente conciencia ecol\u00f3gica, la evoluci\u00f3n de las necesidades de los consumidores y el avance de Tecnolog\u00edas de la Informaci\u00f3n como el <em>blockchain,<\/em> la inteligencia artificial y el <em>big data.<\/em> Adem\u00e1s, <strong>el auge del comercio electr\u00f3nico ha fomentado el desarrollo de cadenas de suministro m\u00e1s eficientes, un mejor servicio al cliente y un enfoque en reducir la huella de carbono mediante la movilidad sostenible.<\/strong><\/p>\n\n\n\n<p>Arranz se\u00f1ala que uno de los mayores desaf\u00edos para las cadenas de suministro y el sector log\u00edstico fue la pandemia de la Covid-19, destacando crisis como la escasez de semiconductores y el crecimiento explosivo de las empresas de comercio electr\u00f3nico, quienes repuntaron un 300% entre 2020 y 2021, destruyendo a aquellas compa\u00f1\u00edas que no estaban preparadas para el cambio.<\/p>\n\n\n\n<p><strong>Segunda parte: Recomendaciones pr\u00e1cticas<\/strong><\/p>\n\n\n\n<p><strong>La segunda parte del libro ofrece recomendaciones pr\u00e1cticas para que las organizaciones gestionen sus operaciones log\u00edsticas<\/strong> de manera m\u00e1s eficiente y mejoren la trazabilidad. Arranz comparte su experiencia de manera envolvente, con un ritmo \u00e1gil y una prosa clara, ofreciendo consejos pr\u00e1cticos y ejemplos concretos que facilitan su comprensi\u00f3n y aplicaci\u00f3n.<\/p>\n\n\n\n<p>En este apartado, el autor subraya que <strong>la fase m\u00e1s cr\u00edtica de toda cadena de suministro es la planificaci\u00f3n. <\/strong>Aunque esta etapa puede parecer sencilla, suele subestimarse, especialmente en peque\u00f1as y medianas empresas, lo que puede ocasionar problemas significativos.<\/p>\n\n\n\n<p>Antonio recomienda a las organizaciones definir un objetivo claro y comprender que cada cadena est\u00e1 interconectada con otras. La gesti\u00f3n eficiente implica controlar el flujo de materiales, informaci\u00f3n, tiempo y dinero, desde la adquisici\u00f3n de materias primas hasta la entrega al consumidor final, aspectos que aplica en el ejercicio de su liderazgo en DHL Express y que detalla en su obra.<\/p>\n\n\n\n<p><\/p>\n\n\n\n<figure class=\"wp-block-image size-large\"><img decoding=\"async\" width=\"912\" height=\"1024\" src=\"https:\/\/b2v.mx\/media\/wp-content\/uploads\/2024\/11\/WhatsApp-Image-2024-11-11-at-12.19.25-PM-1-2-912x1024.webp\" alt=\"\" class=\"wp-image-8705\" srcset=\"https:\/\/b2v.mx\/media\/wp-content\/uploads\/2024\/11\/WhatsApp-Image-2024-11-11-at-12.19.25-PM-1-2-912x1024.webp 912w, https:\/\/b2v.mx\/media\/wp-content\/uploads\/2024\/11\/WhatsApp-Image-2024-11-11-at-12.19.25-PM-1-2-267x300.webp 267w, https:\/\/b2v.mx\/media\/wp-content\/uploads\/2024\/11\/WhatsApp-Image-2024-11-11-at-12.19.25-PM-1-2-768x862.webp 768w, https:\/\/b2v.mx\/media\/wp-content\/uploads\/2024\/11\/WhatsApp-Image-2024-11-11-at-12.19.25-PM-1-2.webp 960w\" sizes=\"(max-width: 912px) 100vw, 912px\" \/><\/figure>\n\n\n\n<p><\/p>\n\n\n\n<p><strong>Una lectura esencial<\/strong><\/p>\n\n\n\n<p>Pocos libros especializados logran captar el inter\u00e9s del p\u00fablico general, pues suelen parecer distantes de la vida cotidiana. Sin embargo, <strong>\u201cCadenas eficientes, empresas invencibles\u201d desaf\u00eda esta percepci\u00f3n con una perspectiva fresca y accesible que conecta la evoluci\u00f3n de las redes log\u00edsticas con eventos hist\u00f3ricos y de la vida diaria,<\/strong> resultando atractivo tanto para expertos como para lectores curiosos. Una lectura esencial para l\u00edderes empresariales, gerentes de operaciones y cualquier persona interesada en c\u00f3mo una gesti\u00f3n eficiente de la cadena de suministro puede fortalecer la resiliencia y el crecimiento de una organizaci\u00f3n.<\/p>\n","protected":false},"excerpt":{"rendered":"<p>A lo largo de la historia, la gesti\u00f3n de la producci\u00f3n y distribuci\u00f3n de bienes ha sido esencial para el desarrollo de las civilizaciones. En su libro \u201cCadenas eficientes, empresas invencibles\u201d, Antonio Arranz, CEO de DHL Express M\u00e9xico, nos invita a explorar, a trav\u00e9s de una narrativa cautivadora, la evoluci\u00f3n de las cadenas de suministro [&hellip;]<\/p>\n","protected":false},"author":7,"featured_media":8694,"comment_status":"open","ping_status":"open","sticky":false,"template":"","format":"standard","meta":{"_eb_attr":"","_monsterinsights_skip_tracking":false,"_monsterinsights_sitenote_active":false,"_monsterinsights_sitenote_note":"","_monsterinsights_sitenote_category":0,"site-sidebar-layout":"default","site-content-layout":"","ast-site-content-layout":"default","site-content-style":"default","site-sidebar-style":"default","ast-global-header-display":"","ast-banner-title-visibility":"","ast-main-header-display":"","ast-hfb-above-header-display":"","ast-hfb-below-header-display":"","ast-hfb-mobile-header-display":"","site-post-title":"","ast-breadcrumbs-content":"","ast-featured-img":"","footer-sml-layout":"","theme-transparent-header-meta":"","adv-header-id-meta":"","stick-header-meta":"","header-above-stick-meta":"","header-main-stick-meta":"","header-below-stick-meta":"","astra-migrate-meta-layouts":"set","ast-page-background-enabled":"default","ast-page-background-meta":{"desktop":{"background-color":"","background-image":"","background-repeat":"repeat","background-position":"center center","background-size":"auto","background-attachment":"scroll","background-type":"","background-media":"","overlay-type":"","overlay-color":"","overlay-opacity":"","overlay-gradient":""},"tablet":{"background-color":"","background-image":"","background-repeat":"repeat","background-position":"center center","background-size":"auto","background-attachment":"scroll","background-type":"","background-media":"","overlay-type":"","overlay-color":"","overlay-opacity":"","overlay-gradient":""},"mobile":{"background-color":"","background-image":"","background-repeat":"repeat","background-position":"center center","background-size":"auto","background-attachment":"scroll","background-type":"","background-media":"","overlay-type":"","overlay-color":"","overlay-opacity":"","overlay-gradient":""}},"ast-content-background-meta":{"desktop":{"background-color":"var(--ast-global-color-5)","background-image":"","background-repeat":"repeat","background-position":"center center","background-size":"auto","background-attachment":"scroll","background-type":"","background-media":"","overlay-type":"","overlay-color":"","overlay-opacity":"","overlay-gradient":""},"tablet":{"background-color":"var(--ast-global-color-5)","background-image":"","background-repeat":"repeat","background-position":"center center","background-size":"auto","background-attachment":"scroll","background-type":"","background-media":"","overlay-type":"","overlay-color":"","overlay-opacity":"","overlay-gradient":""},"mobile":{"background-color":"var(--ast-global-color-5)","background-image":"","background-repeat":"repeat","background-position":"center center","background-size":"auto","background-attachment":"scroll","background-type":"","background-media":"","overlay-type":"","overlay-color":"","overlay-opacity":"","overlay-gradient":""}},"footnotes":"","_wpscppro_dont_share_socialmedia":false,"_wpscppro_custom_social_share_image":0,"_facebook_share_type":"default","_twitter_share_type":"default","_linkedin_share_type":"default","_pinterest_share_type":"default","_linkedin_share_type_page":"","_instagram_share_type":"default","_medium_share_type":"","_threads_share_type":"","_selected_social_profile":[],"_wpsp_enable_custom_social_template":false,"_wpsp_social_scheduling":{"enabled":false,"datetime":null,"platforms":[],"status":"template_only","dateOption":"today","timeOption":"now","customDays":"","customHours":"","customDate":"","customTime":"","schedulingType":"absolute"},"_wpsp_active_default_template":true},"categories":[21],"tags":[],"class_list":["post-8666","post","type-post","status-publish","format-standard","has-post-thumbnail","hentry","category-industria"],"yoast_head":"<!-- This site is optimized with the Yoast SEO plugin v27.5 - https:\/\/yoast.com\/product\/yoast-seo-wordpress\/ -->\n<title>Panorama log\u00edstico: &quot;Cadenas eficientes, empresas invencibles&quot;, de Antonio Arranz - B2V Media<\/title>\n<meta name=\"description\" content=\"%\" \/>\n<meta name=\"robots\" content=\"index, follow, max-snippet:-1, max-image-preview:large, max-video-preview:-1\" \/>\n<link rel=\"canonical\" href=\"https:\/\/b2v.mx\/media\/evolucion-de-la-logistica-en-cadenas-eficientes-empresas-invencibles-de-antonio-arranz\/\" \/>\n<meta property=\"og:locale\" content=\"es_ES\" \/>\n<meta property=\"og:type\" content=\"article\" \/>\n<meta property=\"og:title\" content=\"Panorama log\u00edstico: &quot;Cadenas eficientes, empresas invencibles&quot;, de Antonio Arranz - B2V Media\" \/>\n<meta property=\"og:description\" content=\"%\" \/>\n<meta property=\"og:url\" content=\"https:\/\/b2v.mx\/media\/evolucion-de-la-logistica-en-cadenas-eficientes-empresas-invencibles-de-antonio-arranz\/\" \/>\n<meta property=\"og:site_name\" content=\"B2V Media\" \/>\n<meta property=\"article:publisher\" content=\"https:\/\/www.facebook.com\/b2vmx\" \/>\n<meta property=\"article:published_time\" content=\"2024-11-11T18:25:38+00:00\" \/>\n<meta property=\"article:modified_time\" content=\"2025-02-03T18:02:43+00:00\" \/>\n<meta property=\"og:image\" content=\"https:\/\/b2v.mx\/media\/wp-content\/uploads\/2024\/11\/libro-Arranz.webp\" \/>\n\t<meta property=\"og:image:width\" content=\"1280\" \/>\n\t<meta property=\"og:image:height\" content=\"960\" \/>\n\t<meta property=\"og:image:type\" content=\"image\/webp\" \/>\n<meta name=\"author\" content=\"Karla Garc\u00eda Gil\/ Editora\" \/>\n<meta name=\"twitter:card\" content=\"summary_large_image\" \/>\n<meta name=\"twitter:creator\" content=\"@b2v_mx\" \/>\n<meta name=\"twitter:site\" content=\"@b2v_mx\" \/>\n<meta name=\"twitter:label1\" content=\"Escrito por\" \/>\n\t<meta name=\"twitter:data1\" content=\"Karla Garc\u00eda Gil\/ Editora\" \/>\n\t<meta name=\"twitter:label2\" content=\"Tiempo de lectura\" \/>\n\t<meta name=\"twitter:data2\" content=\"4 minutos\" \/>\n<script type=\"application\/ld+json\" class=\"yoast-schema-graph\">{\"@context\":\"https:\\\/\\\/schema.org\",\"@graph\":[{\"@type\":\"Article\",\"@id\":\"https:\\\/\\\/b2v.mx\\\/media\\\/evolucion-de-la-logistica-en-cadenas-eficientes-empresas-invencibles-de-antonio-arranz\\\/#article\",\"isPartOf\":{\"@id\":\"https:\\\/\\\/b2v.mx\\\/media\\\/evolucion-de-la-logistica-en-cadenas-eficientes-empresas-invencibles-de-antonio-arranz\\\/\"},\"author\":{\"name\":\"Karla Garc\u00eda Gil\\\/ Editora\",\"@id\":\"https:\\\/\\\/b2v.mx\\\/media\\\/#\\\/schema\\\/person\\\/69933ae19674702623d5c93c5b0c51e1\"},\"headline\":\"Panorama log\u00edstico: \u00abCadenas eficientes, empresas invencibles\u00bb, de Antonio Arranz\",\"datePublished\":\"2024-11-11T18:25:38+00:00\",\"dateModified\":\"2025-02-03T18:02:43+00:00\",\"mainEntityOfPage\":{\"@id\":\"https:\\\/\\\/b2v.mx\\\/media\\\/evolucion-de-la-logistica-en-cadenas-eficientes-empresas-invencibles-de-antonio-arranz\\\/\"},\"wordCount\":785,\"commentCount\":0,\"publisher\":{\"@id\":\"https:\\\/\\\/b2v.mx\\\/media\\\/#organization\"},\"image\":{\"@id\":\"https:\\\/\\\/b2v.mx\\\/media\\\/evolucion-de-la-logistica-en-cadenas-eficientes-empresas-invencibles-de-antonio-arranz\\\/#primaryimage\"},\"thumbnailUrl\":\"https:\\\/\\\/b2v.mx\\\/media\\\/wp-content\\\/uploads\\\/2024\\\/11\\\/libro-Arranz.webp\",\"articleSection\":[\"Industria\"],\"inLanguage\":\"es\",\"potentialAction\":[{\"@type\":\"CommentAction\",\"name\":\"Comment\",\"target\":[\"https:\\\/\\\/b2v.mx\\\/media\\\/evolucion-de-la-logistica-en-cadenas-eficientes-empresas-invencibles-de-antonio-arranz\\\/#respond\"]}]},{\"@type\":\"WebPage\",\"@id\":\"https:\\\/\\\/b2v.mx\\\/media\\\/evolucion-de-la-logistica-en-cadenas-eficientes-empresas-invencibles-de-antonio-arranz\\\/\",\"url\":\"https:\\\/\\\/b2v.mx\\\/media\\\/evolucion-de-la-logistica-en-cadenas-eficientes-empresas-invencibles-de-antonio-arranz\\\/\",\"name\":\"Panorama log\u00edstico: \\\"Cadenas eficientes, empresas invencibles\\\", de Antonio Arranz - B2V Media\",\"isPartOf\":{\"@id\":\"https:\\\/\\\/b2v.mx\\\/media\\\/#website\"},\"primaryImageOfPage\":{\"@id\":\"https:\\\/\\\/b2v.mx\\\/media\\\/evolucion-de-la-logistica-en-cadenas-eficientes-empresas-invencibles-de-antonio-arranz\\\/#primaryimage\"},\"image\":{\"@id\":\"https:\\\/\\\/b2v.mx\\\/media\\\/evolucion-de-la-logistica-en-cadenas-eficientes-empresas-invencibles-de-antonio-arranz\\\/#primaryimage\"},\"thumbnailUrl\":\"https:\\\/\\\/b2v.mx\\\/media\\\/wp-content\\\/uploads\\\/2024\\\/11\\\/libro-Arranz.webp\",\"datePublished\":\"2024-11-11T18:25:38+00:00\",\"dateModified\":\"2025-02-03T18:02:43+00:00\",\"description\":\"%\",\"inLanguage\":\"es\",\"potentialAction\":[{\"@type\":\"ReadAction\",\"target\":[\"https:\\\/\\\/b2v.mx\\\/media\\\/evolucion-de-la-logistica-en-cadenas-eficientes-empresas-invencibles-de-antonio-arranz\\\/\"]}]},{\"@type\":\"ImageObject\",\"inLanguage\":\"es\",\"@id\":\"https:\\\/\\\/b2v.mx\\\/media\\\/evolucion-de-la-logistica-en-cadenas-eficientes-empresas-invencibles-de-antonio-arranz\\\/#primaryimage\",\"url\":\"https:\\\/\\\/b2v.mx\\\/media\\\/wp-content\\\/uploads\\\/2024\\\/11\\\/libro-Arranz.webp\",\"contentUrl\":\"https:\\\/\\\/b2v.mx\\\/media\\\/wp-content\\\/uploads\\\/2024\\\/11\\\/libro-Arranz.webp\",\"width\":1280,\"height\":960},{\"@type\":\"WebSite\",\"@id\":\"https:\\\/\\\/b2v.mx\\\/media\\\/#website\",\"url\":\"https:\\\/\\\/b2v.mx\\\/media\\\/\",\"name\":\"B2V Media\",\"description\":\"Sitio de Contenidos de Negocios\",\"publisher\":{\"@id\":\"https:\\\/\\\/b2v.mx\\\/media\\\/#organization\"},\"alternateName\":\"B2V MX\",\"potentialAction\":[{\"@type\":\"SearchAction\",\"target\":{\"@type\":\"EntryPoint\",\"urlTemplate\":\"https:\\\/\\\/b2v.mx\\\/media\\\/?s={search_term_string}\"},\"query-input\":{\"@type\":\"PropertyValueSpecification\",\"valueRequired\":true,\"valueName\":\"search_term_string\"}}],\"inLanguage\":\"es\"},{\"@type\":\"Organization\",\"@id\":\"https:\\\/\\\/b2v.mx\\\/media\\\/#organization\",\"name\":\"B2V Media\",\"alternateName\":\"B2V MX\",\"url\":\"https:\\\/\\\/b2v.mx\\\/media\\\/\",\"logo\":{\"@type\":\"ImageObject\",\"inLanguage\":\"es\",\"@id\":\"https:\\\/\\\/b2v.mx\\\/media\\\/#\\\/schema\\\/logo\\\/image\\\/\",\"url\":\"https:\\\/\\\/b2v.mx\\\/media\\\/wp-content\\\/uploads\\\/2023\\\/01\\\/cropped-Logos_Mesa-de-trabajo-1-e1754716517695.png\",\"contentUrl\":\"https:\\\/\\\/b2v.mx\\\/media\\\/wp-content\\\/uploads\\\/2023\\\/01\\\/cropped-Logos_Mesa-de-trabajo-1-e1754716517695.png\",\"width\":250,\"height\":151,\"caption\":\"B2V Media\"},\"image\":{\"@id\":\"https:\\\/\\\/b2v.mx\\\/media\\\/#\\\/schema\\\/logo\\\/image\\\/\"},\"sameAs\":[\"https:\\\/\\\/www.facebook.com\\\/b2vmx\",\"https:\\\/\\\/x.com\\\/b2v_mx\",\"https:\\\/\\\/www.instagram.com\\\/b2vmx\\\/\",\"https:\\\/\\\/linkedin.com\\\/business\\\/b2vmx\"]},{\"@type\":\"Person\",\"@id\":\"https:\\\/\\\/b2v.mx\\\/media\\\/#\\\/schema\\\/person\\\/69933ae19674702623d5c93c5b0c51e1\",\"name\":\"Karla Garc\u00eda Gil\\\/ Editora\",\"image\":{\"@type\":\"ImageObject\",\"inLanguage\":\"es\",\"@id\":\"https:\\\/\\\/secure.gravatar.com\\\/avatar\\\/79ddb342607526761fbd02180e4c2aad0c0c6266cae87bb44a8f152afdae5a52?s=96&d=mm&r=g\",\"url\":\"https:\\\/\\\/secure.gravatar.com\\\/avatar\\\/79ddb342607526761fbd02180e4c2aad0c0c6266cae87bb44a8f152afdae5a52?s=96&d=mm&r=g\",\"contentUrl\":\"https:\\\/\\\/secure.gravatar.com\\\/avatar\\\/79ddb342607526761fbd02180e4c2aad0c0c6266cae87bb44a8f152afdae5a52?s=96&d=mm&r=g\",\"caption\":\"Karla Garc\u00eda Gil\\\/ Editora\"},\"url\":\"https:\\\/\\\/b2v.mx\\\/media\\\/author\\\/karla\\\/\"}]}<\/script>\n<!-- \/ Yoast SEO plugin. -->","yoast_head_json":{"title":"Panorama log\u00edstico: \"Cadenas eficientes, empresas invencibles\", de Antonio Arranz - B2V Media","description":"%","robots":{"index":"index","follow":"follow","max-snippet":"max-snippet:-1","max-image-preview":"max-image-preview:large","max-video-preview":"max-video-preview:-1"},"canonical":"https:\/\/b2v.mx\/media\/evolucion-de-la-logistica-en-cadenas-eficientes-empresas-invencibles-de-antonio-arranz\/","og_locale":"es_ES","og_type":"article","og_title":"Panorama log\u00edstico: \"Cadenas eficientes, empresas invencibles\", de Antonio Arranz - B2V Media","og_description":"%","og_url":"https:\/\/b2v.mx\/media\/evolucion-de-la-logistica-en-cadenas-eficientes-empresas-invencibles-de-antonio-arranz\/","og_site_name":"B2V Media","article_publisher":"https:\/\/www.facebook.com\/b2vmx","article_published_time":"2024-11-11T18:25:38+00:00","article_modified_time":"2025-02-03T18:02:43+00:00","og_image":[{"width":1280,"height":960,"url":"https:\/\/b2v.mx\/media\/wp-content\/uploads\/2024\/11\/libro-Arranz.webp","type":"image\/webp"}],"author":"Karla Garc\u00eda Gil\/ Editora","twitter_card":"summary_large_image","twitter_creator":"@b2v_mx","twitter_site":"@b2v_mx","twitter_misc":{"Escrito por":"Karla Garc\u00eda Gil\/ Editora","Tiempo de lectura":"4 minutos"},"schema":{"@context":"https:\/\/schema.org","@graph":[{"@type":"Article","@id":"https:\/\/b2v.mx\/media\/evolucion-de-la-logistica-en-cadenas-eficientes-empresas-invencibles-de-antonio-arranz\/#article","isPartOf":{"@id":"https:\/\/b2v.mx\/media\/evolucion-de-la-logistica-en-cadenas-eficientes-empresas-invencibles-de-antonio-arranz\/"},"author":{"name":"Karla Garc\u00eda Gil\/ Editora","@id":"https:\/\/b2v.mx\/media\/#\/schema\/person\/69933ae19674702623d5c93c5b0c51e1"},"headline":"Panorama log\u00edstico: \u00abCadenas eficientes, empresas invencibles\u00bb, de Antonio Arranz","datePublished":"2024-11-11T18:25:38+00:00","dateModified":"2025-02-03T18:02:43+00:00","mainEntityOfPage":{"@id":"https:\/\/b2v.mx\/media\/evolucion-de-la-logistica-en-cadenas-eficientes-empresas-invencibles-de-antonio-arranz\/"},"wordCount":785,"commentCount":0,"publisher":{"@id":"https:\/\/b2v.mx\/media\/#organization"},"image":{"@id":"https:\/\/b2v.mx\/media\/evolucion-de-la-logistica-en-cadenas-eficientes-empresas-invencibles-de-antonio-arranz\/#primaryimage"},"thumbnailUrl":"https:\/\/b2v.mx\/media\/wp-content\/uploads\/2024\/11\/libro-Arranz.webp","articleSection":["Industria"],"inLanguage":"es","potentialAction":[{"@type":"CommentAction","name":"Comment","target":["https:\/\/b2v.mx\/media\/evolucion-de-la-logistica-en-cadenas-eficientes-empresas-invencibles-de-antonio-arranz\/#respond"]}]},{"@type":"WebPage","@id":"https:\/\/b2v.mx\/media\/evolucion-de-la-logistica-en-cadenas-eficientes-empresas-invencibles-de-antonio-arranz\/","url":"https:\/\/b2v.mx\/media\/evolucion-de-la-logistica-en-cadenas-eficientes-empresas-invencibles-de-antonio-arranz\/","name":"Panorama log\u00edstico: \"Cadenas eficientes, empresas invencibles\", de Antonio Arranz - B2V Media","isPartOf":{"@id":"https:\/\/b2v.mx\/media\/#website"},"primaryImageOfPage":{"@id":"https:\/\/b2v.mx\/media\/evolucion-de-la-logistica-en-cadenas-eficientes-empresas-invencibles-de-antonio-arranz\/#primaryimage"},"image":{"@id":"https:\/\/b2v.mx\/media\/evolucion-de-la-logistica-en-cadenas-eficientes-empresas-invencibles-de-antonio-arranz\/#primaryimage"},"thumbnailUrl":"https:\/\/b2v.mx\/media\/wp-content\/uploads\/2024\/11\/libro-Arranz.webp","datePublished":"2024-11-11T18:25:38+00:00","dateModified":"2025-02-03T18:02:43+00:00","description":"%","inLanguage":"es","potentialAction":[{"@type":"ReadAction","target":["https:\/\/b2v.mx\/media\/evolucion-de-la-logistica-en-cadenas-eficientes-empresas-invencibles-de-antonio-arranz\/"]}]},{"@type":"ImageObject","inLanguage":"es","@id":"https:\/\/b2v.mx\/media\/evolucion-de-la-logistica-en-cadenas-eficientes-empresas-invencibles-de-antonio-arranz\/#primaryimage","url":"https:\/\/b2v.mx\/media\/wp-content\/uploads\/2024\/11\/libro-Arranz.webp","contentUrl":"https:\/\/b2v.mx\/media\/wp-content\/uploads\/2024\/11\/libro-Arranz.webp","width":1280,"height":960},{"@type":"WebSite","@id":"https:\/\/b2v.mx\/media\/#website","url":"https:\/\/b2v.mx\/media\/","name":"B2V Media","description":"Sitio de Contenidos de Negocios","publisher":{"@id":"https:\/\/b2v.mx\/media\/#organization"},"alternateName":"B2V MX","potentialAction":[{"@type":"SearchAction","target":{"@type":"EntryPoint","urlTemplate":"https:\/\/b2v.mx\/media\/?s={search_term_string}"},"query-input":{"@type":"PropertyValueSpecification","valueRequired":true,"valueName":"search_term_string"}}],"inLanguage":"es"},{"@type":"Organization","@id":"https:\/\/b2v.mx\/media\/#organization","name":"B2V Media","alternateName":"B2V MX","url":"https:\/\/b2v.mx\/media\/","logo":{"@type":"ImageObject","inLanguage":"es","@id":"https:\/\/b2v.mx\/media\/#\/schema\/logo\/image\/","url":"https:\/\/b2v.mx\/media\/wp-content\/uploads\/2023\/01\/cropped-Logos_Mesa-de-trabajo-1-e1754716517695.png","contentUrl":"https:\/\/b2v.mx\/media\/wp-content\/uploads\/2023\/01\/cropped-Logos_Mesa-de-trabajo-1-e1754716517695.png","width":250,"height":151,"caption":"B2V Media"},"image":{"@id":"https:\/\/b2v.mx\/media\/#\/schema\/logo\/image\/"},"sameAs":["https:\/\/www.facebook.com\/b2vmx","https:\/\/x.com\/b2v_mx","https:\/\/www.instagram.com\/b2vmx\/","https:\/\/linkedin.com\/business\/b2vmx"]},{"@type":"Person","@id":"https:\/\/b2v.mx\/media\/#\/schema\/person\/69933ae19674702623d5c93c5b0c51e1","name":"Karla Garc\u00eda Gil\/ Editora","image":{"@type":"ImageObject","inLanguage":"es","@id":"https:\/\/secure.gravatar.com\/avatar\/79ddb342607526761fbd02180e4c2aad0c0c6266cae87bb44a8f152afdae5a52?s=96&d=mm&r=g","url":"https:\/\/secure.gravatar.com\/avatar\/79ddb342607526761fbd02180e4c2aad0c0c6266cae87bb44a8f152afdae5a52?s=96&d=mm&r=g","contentUrl":"https:\/\/secure.gravatar.com\/avatar\/79ddb342607526761fbd02180e4c2aad0c0c6266cae87bb44a8f152afdae5a52?s=96&d=mm&r=g","caption":"Karla Garc\u00eda Gil\/ Editora"},"url":"https:\/\/b2v.mx\/media\/author\/karla\/"}]}},"_links":{"self":[{"href":"https:\/\/b2v.mx\/media\/wp-json\/wp\/v2\/posts\/8666","targetHints":{"allow":["GET"]}}],"collection":[{"href":"https:\/\/b2v.mx\/media\/wp-json\/wp\/v2\/posts"}],"about":[{"href":"https:\/\/b2v.mx\/media\/wp-json\/wp\/v2\/types\/post"}],"author":[{"embeddable":true,"href":"https:\/\/b2v.mx\/media\/wp-json\/wp\/v2\/users\/7"}],"replies":[{"embeddable":true,"href":"https:\/\/b2v.mx\/media\/wp-json\/wp\/v2\/comments?post=8666"}],"version-history":[{"count":20,"href":"https:\/\/b2v.mx\/media\/wp-json\/wp\/v2\/posts\/8666\/revisions"}],"predecessor-version":[{"id":8719,"href":"https:\/\/b2v.mx\/media\/wp-json\/wp\/v2\/posts\/8666\/revisions\/8719"}],"wp:featuredmedia":[{"embeddable":true,"href":"https:\/\/b2v.mx\/media\/wp-json\/wp\/v2\/media\/8694"}],"wp:attachment":[{"href":"https:\/\/b2v.mx\/media\/wp-json\/wp\/v2\/media?parent=8666"}],"wp:term":[{"taxonomy":"category","embeddable":true,"href":"https:\/\/b2v.mx\/media\/wp-json\/wp\/v2\/categories?post=8666"},{"taxonomy":"post_tag","embeddable":true,"href":"https:\/\/b2v.mx\/media\/wp-json\/wp\/v2\/tags?post=8666"}],"curies":[{"name":"wp","href":"https:\/\/api.w.org\/{rel}","templated":true}]}}