{"id":8883,"date":"2025-03-14T13:45:18","date_gmt":"2025-03-14T19:45:18","guid":{"rendered":"https:\/\/b2v.mx\/media\/?p=8883"},"modified":"2025-03-14T13:51:08","modified_gmt":"2025-03-14T19:51:08","slug":"sap-mexico-anuncia-el-nombramiento-de-su-nueva-presidenta","status":"publish","type":"post","link":"https:\/\/b2v.mx\/media\/sap-mexico-anuncia-el-nombramiento-de-su-nueva-presidenta\/","title":{"rendered":"SAP M\u00e9xico anuncia el nombramiento de su nueva presidenta"},"content":{"rendered":"\n<p>SAP M\u00e9xico anunci\u00f3 que <strong>Paola Becerra<\/strong> asumir\u00e1 el cargo de <strong>presidenta de SAP M\u00e9xico<\/strong>, sucediendo a <strong>Rui Botelho<\/strong>, quien ser\u00e1 el nuevo presidente de <strong>SAP Brasil<\/strong>. Esta transici\u00f3n de liderazgo refleja los positivos resultados obtenidos en 2024, consolidando a la entidad como el socio estrat\u00e9gico clave para la transformaci\u00f3n digital en Latinoam\u00e9rica.<\/p>\n\n\n\n<p><strong>Con una trayectoria de m\u00e1s de siete a\u00f1os en SAP y 25 en la industria, <\/strong>Becerra es una muestra del crecimiento del talento mexicano dentro de la organizaci\u00f3n. Desde su incorporaci\u00f3n en 2018, ha ocupado roles estrat\u00e9gicos comerciales y de experiencia del cliente tanto en M\u00e9xico como en Latinoam\u00e9rica. En su rol m\u00e1s reciente como <em>Chief Business Officer, <\/em>impuls\u00f3 un crecimiento sostenido del negocio de la nube privada y p\u00fablica de SAP, y su adopci\u00f3n en empresas e industrias clave en el mercado mexicano. Previo a SAP, Paola labor\u00f3 por 18 a\u00f1os en IBM.<\/p>\n\n\n\n<p>\u201cEsta transici\u00f3n de liderazgo es un reflejo del impacto positivo que hemos generado en el pa\u00eds y en otros mercados de Latinoam\u00e9rica. Asumo la presidencia con el compromiso de seguir contribuyendo a la transformaci\u00f3n digital de M\u00e9xico. Creemos que la tecnolog\u00eda, la nube y el m\u00e1ximo aprovechamiento de los datos son la v\u00eda para que m\u00e1s empresas mexicanas destaquen, prosperen y consoliden sus negocios en un mercado cada vez m\u00e1s desafiante\u201d, afirm\u00f3 Paola.<\/p>\n\n\n\n<p><strong>Un liderazgo basado en resultados<\/strong><\/p>\n\n\n\n<p>Bajo la direcci\u00f3n de Rui Botelho, SAP M\u00e9xico consolid\u00f3 su liderazgo en el pa\u00eds al acelerar la adopci\u00f3n de sus soluciones basadas en la nube en las empresas mexicanas y fortalecer la estrategia en inteligencia artificial aplicada a los negocios. Durante su gesti\u00f3n, SAP present\u00f3 oficialmente a <em>Joule,<\/em> copiloto de inteligencia artificial impulsado por agentes, en M\u00e9xico, trayendo innovaci\u00f3n en IA generativa al pa\u00eds.<\/p>\n\n\n\n<p>\u201cLiderar SAP M\u00e9xico ha sido una gran responsabilidad y un orgullo. Estoy seguro de que, con Paola al frente, la compa\u00f1\u00eda continuar\u00e1 impulsando la transformaci\u00f3n digital en el pa\u00eds con innovaci\u00f3n, aprovechamiento de datos empresariales y un fuerte enfoque en inteligencia artificial. Estoy muy agradecido con nuestros clientes, socios de negocio, y por supuesto, con el equipo de M\u00e9xico\u201d, destac\u00f3 Botelho.<\/p>\n\n\n\n<p>El nombramiento de Paola Becerra refuerza el compromiso de SAP con el talento local y con la transformaci\u00f3n digital de M\u00e9xico, posicionando a la compa\u00f1\u00eda como el motor digital que impulsa el crecimiento econ\u00f3mico del pa\u00eds, en el que opera desde hace treinta a\u00f1os. Actualmente, <strong>SAP sirve a clientes de 25 industrias distintas, colabora con m\u00e1s de 100 socios de negocio y emplea a m\u00e1s de mil 200 personas en M\u00e9xico.<\/strong><\/p>\n","protected":false},"excerpt":{"rendered":"<p>SAP M\u00e9xico anunci\u00f3 que Paola Becerra asumir\u00e1 el cargo de presidenta de SAP M\u00e9xico, sucediendo a Rui Botelho, quien ser\u00e1 el nuevo presidente de SAP Brasil. Esta transici\u00f3n de liderazgo refleja los positivos resultados obtenidos en 2024, consolidando a la entidad como el socio estrat\u00e9gico clave para la transformaci\u00f3n digital en Latinoam\u00e9rica. Con una trayectoria [&hellip;]<\/p>\n","protected":false},"author":7,"featured_media":8887,"comment_status":"open","ping_status":"open","sticky":false,"template":"","format":"standard","meta":{"_eb_attr":"","_monsterinsights_skip_tracking":false,"_monsterinsights_sitenote_active":false,"_monsterinsights_sitenote_note":"","_monsterinsights_sitenote_category":0,"site-sidebar-layout":"default","site-content-layout":"","ast-site-content-layout":"default","site-content-style":"default","site-sidebar-style":"default","ast-global-header-display":"","ast-banner-title-visibility":"","ast-main-header-display":"","ast-hfb-above-header-display":"","ast-hfb-below-header-display":"","ast-hfb-mobile-header-display":"","site-post-title":"","ast-breadcrumbs-content":"","ast-featured-img":"","footer-sml-layout":"","theme-transparent-header-meta":"","adv-header-id-meta":"","stick-header-meta":"","header-above-stick-meta":"","header-main-stick-meta":"","header-below-stick-meta":"","astra-migrate-meta-layouts":"set","ast-page-background-enabled":"default","ast-page-background-meta":{"desktop":{"background-color":"","background-image":"","background-repeat":"repeat","background-position":"center center","background-size":"auto","background-attachment":"scroll","background-type":"","background-media":"","overlay-type":"","overlay-color":"","overlay-opacity":"","overlay-gradient":""},"tablet":{"background-color":"","background-image":"","background-repeat":"repeat","background-position":"center center","background-size":"auto","background-attachment":"scroll","background-type":"","background-media":"","overlay-type":"","overlay-color":"","overlay-opacity":"","overlay-gradient":""},"mobile":{"background-color":"","background-image":"","background-repeat":"repeat","background-position":"center center","background-size":"auto","background-attachment":"scroll","background-type":"","background-media":"","overlay-type":"","overlay-color":"","overlay-opacity":"","overlay-gradient":""}},"ast-content-background-meta":{"desktop":{"background-color":"var(--ast-global-color-5)","background-image":"","background-repeat":"repeat","background-position":"center center","background-size":"auto","background-attachment":"scroll","background-type":"","background-media":"","overlay-type":"","overlay-color":"","overlay-opacity":"","overlay-gradient":""},"tablet":{"background-color":"var(--ast-global-color-5)","background-image":"","background-repeat":"repeat","background-position":"center center","background-size":"auto","background-attachment":"scroll","background-type":"","background-media":"","overlay-type":"","overlay-color":"","overlay-opacity":"","overlay-gradient":""},"mobile":{"background-color":"var(--ast-global-color-5)","background-image":"","background-repeat":"repeat","background-position":"center center","background-size":"auto","background-attachment":"scroll","background-type":"","background-media":"","overlay-type":"","overlay-color":"","overlay-opacity":"","overlay-gradient":""}},"footnotes":"","_wpscppro_dont_share_socialmedia":false,"_wpscppro_custom_social_share_image":0,"_facebook_share_type":"default","_twitter_share_type":"default","_linkedin_share_type":"default","_pinterest_share_type":"default","_linkedin_share_type_page":"","_instagram_share_type":"default","_medium_share_type":"default","_threads_share_type":"","_selected_social_profile":[],"_wpsp_enable_custom_social_template":false,"_wpsp_social_scheduling":{"enabled":false,"datetime":null,"platforms":[],"status":"template_only","dateOption":"today","timeOption":"now","customDays":"","customHours":"","customDate":"","customTime":"","schedulingType":"absolute"},"_wpsp_active_default_template":true},"categories":[19,236],"tags":[],"class_list":["post-8883","post","type-post","status-publish","format-standard","has-post-thumbnail","hentry","category-b2v","category-portada"],"yoast_head":"<!-- This site is optimized with the Yoast SEO plugin v27.5 - https:\/\/yoast.com\/product\/yoast-seo-wordpress\/ -->\n<title>SAP M\u00e9xico anuncia el nombramiento de su nueva presidenta - B2V Media<\/title>\n<meta name=\"description\" content=\"%\" \/>\n<meta name=\"robots\" content=\"index, follow, max-snippet:-1, max-image-preview:large, max-video-preview:-1\" \/>\n<link rel=\"canonical\" href=\"https:\/\/b2v.mx\/media\/sap-mexico-anuncia-el-nombramiento-de-su-nueva-presidenta\/\" \/>\n<meta property=\"og:locale\" content=\"es_ES\" \/>\n<meta property=\"og:type\" content=\"article\" \/>\n<meta property=\"og:title\" content=\"SAP M\u00e9xico anuncia el nombramiento de su nueva presidenta - B2V Media\" \/>\n<meta property=\"og:description\" content=\"%\" \/>\n<meta property=\"og:url\" content=\"https:\/\/b2v.mx\/media\/sap-mexico-anuncia-el-nombramiento-de-su-nueva-presidenta\/\" \/>\n<meta property=\"og:site_name\" content=\"B2V Media\" \/>\n<meta property=\"article:publisher\" content=\"https:\/\/www.facebook.com\/b2vmx\" \/>\n<meta property=\"article:published_time\" content=\"2025-03-14T19:45:18+00:00\" \/>\n<meta property=\"article:modified_time\" content=\"2025-03-14T19:51:08+00:00\" \/>\n<meta property=\"og:image\" content=\"https:\/\/b2v.mx\/media\/wp-content\/uploads\/2025\/03\/PAOLA-BECERRA-SAP-2-scaled.jpg\" \/>\n\t<meta property=\"og:image:width\" content=\"2560\" \/>\n\t<meta property=\"og:image:height\" content=\"1575\" \/>\n\t<meta property=\"og:image:type\" content=\"image\/jpeg\" \/>\n<meta name=\"author\" content=\"Karla Garc\u00eda Gil\/ Editora\" \/>\n<meta name=\"twitter:card\" content=\"summary_large_image\" \/>\n<meta name=\"twitter:creator\" content=\"@b2v_mx\" \/>\n<meta name=\"twitter:site\" content=\"@b2v_mx\" \/>\n<meta name=\"twitter:label1\" content=\"Escrito por\" \/>\n\t<meta name=\"twitter:data1\" content=\"Karla Garc\u00eda Gil\/ Editora\" \/>\n\t<meta name=\"twitter:label2\" content=\"Tiempo de lectura\" \/>\n\t<meta name=\"twitter:data2\" content=\"3 minutos\" \/>\n<script type=\"application\/ld+json\" class=\"yoast-schema-graph\">{\"@context\":\"https:\\\/\\\/schema.org\",\"@graph\":[{\"@type\":\"Article\",\"@id\":\"https:\\\/\\\/b2v.mx\\\/media\\\/sap-mexico-anuncia-el-nombramiento-de-su-nueva-presidenta\\\/#article\",\"isPartOf\":{\"@id\":\"https:\\\/\\\/b2v.mx\\\/media\\\/sap-mexico-anuncia-el-nombramiento-de-su-nueva-presidenta\\\/\"},\"author\":{\"name\":\"Karla Garc\u00eda Gil\\\/ Editora\",\"@id\":\"https:\\\/\\\/b2v.mx\\\/media\\\/#\\\/schema\\\/person\\\/69933ae19674702623d5c93c5b0c51e1\"},\"headline\":\"SAP M\u00e9xico anuncia el nombramiento de su nueva presidenta\",\"datePublished\":\"2025-03-14T19:45:18+00:00\",\"dateModified\":\"2025-03-14T19:51:08+00:00\",\"mainEntityOfPage\":{\"@id\":\"https:\\\/\\\/b2v.mx\\\/media\\\/sap-mexico-anuncia-el-nombramiento-de-su-nueva-presidenta\\\/\"},\"wordCount\":473,\"commentCount\":0,\"publisher\":{\"@id\":\"https:\\\/\\\/b2v.mx\\\/media\\\/#organization\"},\"image\":{\"@id\":\"https:\\\/\\\/b2v.mx\\\/media\\\/sap-mexico-anuncia-el-nombramiento-de-su-nueva-presidenta\\\/#primaryimage\"},\"thumbnailUrl\":\"https:\\\/\\\/b2v.mx\\\/media\\\/wp-content\\\/uploads\\\/2025\\\/03\\\/PAOLA-BECERRA-SAP-2-scaled.jpg\",\"articleSection\":[\"Negocios\",\"Portada\"],\"inLanguage\":\"es\",\"potentialAction\":[{\"@type\":\"CommentAction\",\"name\":\"Comment\",\"target\":[\"https:\\\/\\\/b2v.mx\\\/media\\\/sap-mexico-anuncia-el-nombramiento-de-su-nueva-presidenta\\\/#respond\"]}]},{\"@type\":\"WebPage\",\"@id\":\"https:\\\/\\\/b2v.mx\\\/media\\\/sap-mexico-anuncia-el-nombramiento-de-su-nueva-presidenta\\\/\",\"url\":\"https:\\\/\\\/b2v.mx\\\/media\\\/sap-mexico-anuncia-el-nombramiento-de-su-nueva-presidenta\\\/\",\"name\":\"SAP M\u00e9xico anuncia el nombramiento de su nueva presidenta - B2V Media\",\"isPartOf\":{\"@id\":\"https:\\\/\\\/b2v.mx\\\/media\\\/#website\"},\"primaryImageOfPage\":{\"@id\":\"https:\\\/\\\/b2v.mx\\\/media\\\/sap-mexico-anuncia-el-nombramiento-de-su-nueva-presidenta\\\/#primaryimage\"},\"image\":{\"@id\":\"https:\\\/\\\/b2v.mx\\\/media\\\/sap-mexico-anuncia-el-nombramiento-de-su-nueva-presidenta\\\/#primaryimage\"},\"thumbnailUrl\":\"https:\\\/\\\/b2v.mx\\\/media\\\/wp-content\\\/uploads\\\/2025\\\/03\\\/PAOLA-BECERRA-SAP-2-scaled.jpg\",\"datePublished\":\"2025-03-14T19:45:18+00:00\",\"dateModified\":\"2025-03-14T19:51:08+00:00\",\"description\":\"%\",\"inLanguage\":\"es\",\"potentialAction\":[{\"@type\":\"ReadAction\",\"target\":[\"https:\\\/\\\/b2v.mx\\\/media\\\/sap-mexico-anuncia-el-nombramiento-de-su-nueva-presidenta\\\/\"]}]},{\"@type\":\"ImageObject\",\"inLanguage\":\"es\",\"@id\":\"https:\\\/\\\/b2v.mx\\\/media\\\/sap-mexico-anuncia-el-nombramiento-de-su-nueva-presidenta\\\/#primaryimage\",\"url\":\"https:\\\/\\\/b2v.mx\\\/media\\\/wp-content\\\/uploads\\\/2025\\\/03\\\/PAOLA-BECERRA-SAP-2-scaled.jpg\",\"contentUrl\":\"https:\\\/\\\/b2v.mx\\\/media\\\/wp-content\\\/uploads\\\/2025\\\/03\\\/PAOLA-BECERRA-SAP-2-scaled.jpg\",\"width\":2560,\"height\":1575,\"caption\":\"??????\"},{\"@type\":\"WebSite\",\"@id\":\"https:\\\/\\\/b2v.mx\\\/media\\\/#website\",\"url\":\"https:\\\/\\\/b2v.mx\\\/media\\\/\",\"name\":\"B2V Media\",\"description\":\"Sitio de Contenidos de Negocios\",\"publisher\":{\"@id\":\"https:\\\/\\\/b2v.mx\\\/media\\\/#organization\"},\"alternateName\":\"B2V MX\",\"potentialAction\":[{\"@type\":\"SearchAction\",\"target\":{\"@type\":\"EntryPoint\",\"urlTemplate\":\"https:\\\/\\\/b2v.mx\\\/media\\\/?s={search_term_string}\"},\"query-input\":{\"@type\":\"PropertyValueSpecification\",\"valueRequired\":true,\"valueName\":\"search_term_string\"}}],\"inLanguage\":\"es\"},{\"@type\":\"Organization\",\"@id\":\"https:\\\/\\\/b2v.mx\\\/media\\\/#organization\",\"name\":\"B2V Media\",\"alternateName\":\"B2V MX\",\"url\":\"https:\\\/\\\/b2v.mx\\\/media\\\/\",\"logo\":{\"@type\":\"ImageObject\",\"inLanguage\":\"es\",\"@id\":\"https:\\\/\\\/b2v.mx\\\/media\\\/#\\\/schema\\\/logo\\\/image\\\/\",\"url\":\"https:\\\/\\\/b2v.mx\\\/media\\\/wp-content\\\/uploads\\\/2023\\\/01\\\/cropped-Logos_Mesa-de-trabajo-1-e1754716517695.png\",\"contentUrl\":\"https:\\\/\\\/b2v.mx\\\/media\\\/wp-content\\\/uploads\\\/2023\\\/01\\\/cropped-Logos_Mesa-de-trabajo-1-e1754716517695.png\",\"width\":250,\"height\":151,\"caption\":\"B2V Media\"},\"image\":{\"@id\":\"https:\\\/\\\/b2v.mx\\\/media\\\/#\\\/schema\\\/logo\\\/image\\\/\"},\"sameAs\":[\"https:\\\/\\\/www.facebook.com\\\/b2vmx\",\"https:\\\/\\\/x.com\\\/b2v_mx\",\"https:\\\/\\\/www.instagram.com\\\/b2vmx\\\/\",\"https:\\\/\\\/linkedin.com\\\/business\\\/b2vmx\"]},{\"@type\":\"Person\",\"@id\":\"https:\\\/\\\/b2v.mx\\\/media\\\/#\\\/schema\\\/person\\\/69933ae19674702623d5c93c5b0c51e1\",\"name\":\"Karla Garc\u00eda Gil\\\/ Editora\",\"image\":{\"@type\":\"ImageObject\",\"inLanguage\":\"es\",\"@id\":\"https:\\\/\\\/secure.gravatar.com\\\/avatar\\\/79ddb342607526761fbd02180e4c2aad0c0c6266cae87bb44a8f152afdae5a52?s=96&d=mm&r=g\",\"url\":\"https:\\\/\\\/secure.gravatar.com\\\/avatar\\\/79ddb342607526761fbd02180e4c2aad0c0c6266cae87bb44a8f152afdae5a52?s=96&d=mm&r=g\",\"contentUrl\":\"https:\\\/\\\/secure.gravatar.com\\\/avatar\\\/79ddb342607526761fbd02180e4c2aad0c0c6266cae87bb44a8f152afdae5a52?s=96&d=mm&r=g\",\"caption\":\"Karla Garc\u00eda Gil\\\/ Editora\"},\"url\":\"https:\\\/\\\/b2v.mx\\\/media\\\/author\\\/karla\\\/\"}]}<\/script>\n<!-- \/ Yoast SEO plugin. -->","yoast_head_json":{"title":"SAP M\u00e9xico anuncia el nombramiento de su nueva presidenta - B2V Media","description":"%","robots":{"index":"index","follow":"follow","max-snippet":"max-snippet:-1","max-image-preview":"max-image-preview:large","max-video-preview":"max-video-preview:-1"},"canonical":"https:\/\/b2v.mx\/media\/sap-mexico-anuncia-el-nombramiento-de-su-nueva-presidenta\/","og_locale":"es_ES","og_type":"article","og_title":"SAP M\u00e9xico anuncia el nombramiento de su nueva presidenta - B2V Media","og_description":"%","og_url":"https:\/\/b2v.mx\/media\/sap-mexico-anuncia-el-nombramiento-de-su-nueva-presidenta\/","og_site_name":"B2V Media","article_publisher":"https:\/\/www.facebook.com\/b2vmx","article_published_time":"2025-03-14T19:45:18+00:00","article_modified_time":"2025-03-14T19:51:08+00:00","og_image":[{"width":2560,"height":1575,"url":"https:\/\/b2v.mx\/media\/wp-content\/uploads\/2025\/03\/PAOLA-BECERRA-SAP-2-scaled.jpg","type":"image\/jpeg"}],"author":"Karla Garc\u00eda Gil\/ Editora","twitter_card":"summary_large_image","twitter_creator":"@b2v_mx","twitter_site":"@b2v_mx","twitter_misc":{"Escrito por":"Karla Garc\u00eda Gil\/ Editora","Tiempo de lectura":"3 minutos"},"schema":{"@context":"https:\/\/schema.org","@graph":[{"@type":"Article","@id":"https:\/\/b2v.mx\/media\/sap-mexico-anuncia-el-nombramiento-de-su-nueva-presidenta\/#article","isPartOf":{"@id":"https:\/\/b2v.mx\/media\/sap-mexico-anuncia-el-nombramiento-de-su-nueva-presidenta\/"},"author":{"name":"Karla Garc\u00eda Gil\/ Editora","@id":"https:\/\/b2v.mx\/media\/#\/schema\/person\/69933ae19674702623d5c93c5b0c51e1"},"headline":"SAP M\u00e9xico anuncia el nombramiento de su nueva presidenta","datePublished":"2025-03-14T19:45:18+00:00","dateModified":"2025-03-14T19:51:08+00:00","mainEntityOfPage":{"@id":"https:\/\/b2v.mx\/media\/sap-mexico-anuncia-el-nombramiento-de-su-nueva-presidenta\/"},"wordCount":473,"commentCount":0,"publisher":{"@id":"https:\/\/b2v.mx\/media\/#organization"},"image":{"@id":"https:\/\/b2v.mx\/media\/sap-mexico-anuncia-el-nombramiento-de-su-nueva-presidenta\/#primaryimage"},"thumbnailUrl":"https:\/\/b2v.mx\/media\/wp-content\/uploads\/2025\/03\/PAOLA-BECERRA-SAP-2-scaled.jpg","articleSection":["Negocios","Portada"],"inLanguage":"es","potentialAction":[{"@type":"CommentAction","name":"Comment","target":["https:\/\/b2v.mx\/media\/sap-mexico-anuncia-el-nombramiento-de-su-nueva-presidenta\/#respond"]}]},{"@type":"WebPage","@id":"https:\/\/b2v.mx\/media\/sap-mexico-anuncia-el-nombramiento-de-su-nueva-presidenta\/","url":"https:\/\/b2v.mx\/media\/sap-mexico-anuncia-el-nombramiento-de-su-nueva-presidenta\/","name":"SAP M\u00e9xico anuncia el nombramiento de su nueva presidenta - B2V Media","isPartOf":{"@id":"https:\/\/b2v.mx\/media\/#website"},"primaryImageOfPage":{"@id":"https:\/\/b2v.mx\/media\/sap-mexico-anuncia-el-nombramiento-de-su-nueva-presidenta\/#primaryimage"},"image":{"@id":"https:\/\/b2v.mx\/media\/sap-mexico-anuncia-el-nombramiento-de-su-nueva-presidenta\/#primaryimage"},"thumbnailUrl":"https:\/\/b2v.mx\/media\/wp-content\/uploads\/2025\/03\/PAOLA-BECERRA-SAP-2-scaled.jpg","datePublished":"2025-03-14T19:45:18+00:00","dateModified":"2025-03-14T19:51:08+00:00","description":"%","inLanguage":"es","potentialAction":[{"@type":"ReadAction","target":["https:\/\/b2v.mx\/media\/sap-mexico-anuncia-el-nombramiento-de-su-nueva-presidenta\/"]}]},{"@type":"ImageObject","inLanguage":"es","@id":"https:\/\/b2v.mx\/media\/sap-mexico-anuncia-el-nombramiento-de-su-nueva-presidenta\/#primaryimage","url":"https:\/\/b2v.mx\/media\/wp-content\/uploads\/2025\/03\/PAOLA-BECERRA-SAP-2-scaled.jpg","contentUrl":"https:\/\/b2v.mx\/media\/wp-content\/uploads\/2025\/03\/PAOLA-BECERRA-SAP-2-scaled.jpg","width":2560,"height":1575,"caption":"??????"},{"@type":"WebSite","@id":"https:\/\/b2v.mx\/media\/#website","url":"https:\/\/b2v.mx\/media\/","name":"B2V Media","description":"Sitio de Contenidos de Negocios","publisher":{"@id":"https:\/\/b2v.mx\/media\/#organization"},"alternateName":"B2V MX","potentialAction":[{"@type":"SearchAction","target":{"@type":"EntryPoint","urlTemplate":"https:\/\/b2v.mx\/media\/?s={search_term_string}"},"query-input":{"@type":"PropertyValueSpecification","valueRequired":true,"valueName":"search_term_string"}}],"inLanguage":"es"},{"@type":"Organization","@id":"https:\/\/b2v.mx\/media\/#organization","name":"B2V Media","alternateName":"B2V MX","url":"https:\/\/b2v.mx\/media\/","logo":{"@type":"ImageObject","inLanguage":"es","@id":"https:\/\/b2v.mx\/media\/#\/schema\/logo\/image\/","url":"https:\/\/b2v.mx\/media\/wp-content\/uploads\/2023\/01\/cropped-Logos_Mesa-de-trabajo-1-e1754716517695.png","contentUrl":"https:\/\/b2v.mx\/media\/wp-content\/uploads\/2023\/01\/cropped-Logos_Mesa-de-trabajo-1-e1754716517695.png","width":250,"height":151,"caption":"B2V Media"},"image":{"@id":"https:\/\/b2v.mx\/media\/#\/schema\/logo\/image\/"},"sameAs":["https:\/\/www.facebook.com\/b2vmx","https:\/\/x.com\/b2v_mx","https:\/\/www.instagram.com\/b2vmx\/","https:\/\/linkedin.com\/business\/b2vmx"]},{"@type":"Person","@id":"https:\/\/b2v.mx\/media\/#\/schema\/person\/69933ae19674702623d5c93c5b0c51e1","name":"Karla Garc\u00eda Gil\/ Editora","image":{"@type":"ImageObject","inLanguage":"es","@id":"https:\/\/secure.gravatar.com\/avatar\/79ddb342607526761fbd02180e4c2aad0c0c6266cae87bb44a8f152afdae5a52?s=96&d=mm&r=g","url":"https:\/\/secure.gravatar.com\/avatar\/79ddb342607526761fbd02180e4c2aad0c0c6266cae87bb44a8f152afdae5a52?s=96&d=mm&r=g","contentUrl":"https:\/\/secure.gravatar.com\/avatar\/79ddb342607526761fbd02180e4c2aad0c0c6266cae87bb44a8f152afdae5a52?s=96&d=mm&r=g","caption":"Karla Garc\u00eda Gil\/ Editora"},"url":"https:\/\/b2v.mx\/media\/author\/karla\/"}]}},"_links":{"self":[{"href":"https:\/\/b2v.mx\/media\/wp-json\/wp\/v2\/posts\/8883","targetHints":{"allow":["GET"]}}],"collection":[{"href":"https:\/\/b2v.mx\/media\/wp-json\/wp\/v2\/posts"}],"about":[{"href":"https:\/\/b2v.mx\/media\/wp-json\/wp\/v2\/types\/post"}],"author":[{"embeddable":true,"href":"https:\/\/b2v.mx\/media\/wp-json\/wp\/v2\/users\/7"}],"replies":[{"embeddable":true,"href":"https:\/\/b2v.mx\/media\/wp-json\/wp\/v2\/comments?post=8883"}],"version-history":[{"count":4,"href":"https:\/\/b2v.mx\/media\/wp-json\/wp\/v2\/posts\/8883\/revisions"}],"predecessor-version":[{"id":8924,"href":"https:\/\/b2v.mx\/media\/wp-json\/wp\/v2\/posts\/8883\/revisions\/8924"}],"wp:featuredmedia":[{"embeddable":true,"href":"https:\/\/b2v.mx\/media\/wp-json\/wp\/v2\/media\/8887"}],"wp:attachment":[{"href":"https:\/\/b2v.mx\/media\/wp-json\/wp\/v2\/media?parent=8883"}],"wp:term":[{"taxonomy":"category","embeddable":true,"href":"https:\/\/b2v.mx\/media\/wp-json\/wp\/v2\/categories?post=8883"},{"taxonomy":"post_tag","embeddable":true,"href":"https:\/\/b2v.mx\/media\/wp-json\/wp\/v2\/tags?post=8883"}],"curies":[{"name":"wp","href":"https:\/\/api.w.org\/{rel}","templated":true}]}}