{"id":9082,"date":"2025-07-15T21:00:29","date_gmt":"2025-07-16T03:00:29","guid":{"rendered":"https:\/\/b2v.mx\/media\/?p=9082"},"modified":"2025-07-15T21:00:32","modified_gmt":"2025-07-16T03:00:32","slug":"wellness-corporativo-moda-o-inversion-con-retorno","status":"publish","type":"post","link":"https:\/\/b2v.mx\/media\/wellness-corporativo-moda-o-inversion-con-retorno\/","title":{"rendered":"Wellness corporativo: \u00bfmoda o inversi\u00f3n con retorno?"},"content":{"rendered":"\n<p>El t\u00e9rmino wellnesscorporativo se ha vuelto cada vez m\u00e1s com\u00fan en los discursos empresariales en M\u00e9xico. Programas de meditaci\u00f3n, clases de yoga, talleres de alimentaci\u00f3n saludable y acceso a terapia psicol\u00f3gica son algunas de las acciones que muchas compa\u00f1\u00edas ofrecen a sus empleados bajo la promesa de mejorar el bienestar. Sin embargo, surge una pregunta clave: \u00bfestas iniciativas realmente impactan la productividad y la retenci\u00f3n del talento, o se han convertido en una moda m\u00e1s dentro del marketing organizacional?<\/p>\n\n\n\n<figure class=\"wp-block-image size-full\"><img fetchpriority=\"high\" decoding=\"async\" width=\"640\" height=\"427\" src=\"https:\/\/b2v.mx\/media\/wp-content\/uploads\/2025\/07\/pexels-rui-dias-469842-1472887.jpg\" alt=\"\" class=\"wp-image-9083\" srcset=\"https:\/\/b2v.mx\/media\/wp-content\/uploads\/2025\/07\/pexels-rui-dias-469842-1472887.jpg 640w, https:\/\/b2v.mx\/media\/wp-content\/uploads\/2025\/07\/pexels-rui-dias-469842-1472887-300x200.jpg 300w\" sizes=\"(max-width: 640px) 100vw, 640px\" \/><\/figure>\n\n\n\n<p>La respuesta no es simple, pero s\u00ed medible. Un estudio de Mercer M\u00e9xico revel\u00f3 que las empresas que implementan programas integrales de bienestar laboral han reducido hasta un 25% el ausentismo y han mejorado la satisfacci\u00f3n de sus colaboradores en m\u00e1s del 30%. Esto sugiere que, cuando se dise\u00f1an con estrategia y continuidad, estas acciones pueden convertirse en una inversi\u00f3n con retorno claro, tanto en clima laboral como en resultados financieros.<\/p>\n\n\n\n<div class=\"wp-block-essential-blocks-advanced-heading  root-eb-advance-heading-movzk\"><div class=\"eb-parent-wrapper eb-parent-eb-advance-heading-movzk \"><div class=\"eb-advance-heading-wrapper eb-advance-heading-movzk button-1 undefined\" data-id=\"eb-advance-heading-movzk\"><h2 class=\"eb-ah-title\"><span class=\"first-title\"><strong>Programas de bienestar laboral en M\u00e9xico: \u00bfqui\u00e9n lo est\u00e1 haciendo bien?<\/strong><\/span><\/h2><\/div><\/div><\/div>\n\n\n\n<p>Compa\u00f1\u00edas como Bepensa, BBVA y Natura han desarrollado programas de wellness que integran la salud f\u00edsica, emocional y mental de sus colaboradores. No se trata solo de ofrecer snacks o cursos de respiraci\u00f3n: en estos casos, las acciones est\u00e1n alineadas con pol\u00edticas internas, m\u00e9tricas de evaluaci\u00f3n y una cultura que permite a los equipos priorizar el bienestar sin culpa. Por ejemplo, Natura ofrece acompa\u00f1amiento psicol\u00f3gico gratuito y horarios flexibles, mientras que BBVA ha capacitado a l\u00edderes en salud mental para detectar signos tempranos de agotamiento emocional.<\/p>\n\n\n\n<p><strong><em>Te puede interesar: <a href=\"https:\/\/b2v.mx\/media\/foro-mx-innovacion-energetica-el-presente-no-espera\/\">Foro MX Innovaci\u00f3n Energ\u00e9tica: el presente no espera<\/a><\/em><\/strong><\/p>\n\n\n\n<p>Tambi\u00e9n destacan startups tecnol\u00f3gicas y fintechs mexicanas que han incorporado el wellness como parte de su propuesta de valor para atraer talento joven. Empresas como Kueski o Minu ofrecen acceso a servicios de salud, asesor\u00eda financiera y talleres de autocuidado, adaptados al contexto remoto o h\u00edbrido.<\/p>\n\n\n\n<div class=\"wp-block-essential-blocks-advanced-heading  root-eb-advance-heading-kj5qh\"><div class=\"eb-parent-wrapper eb-parent-eb-advance-heading-kj5qh \"><div class=\"eb-advance-heading-wrapper eb-advance-heading-kj5qh button-1 undefined\" data-id=\"eb-advance-heading-kj5qh\"><h2 class=\"eb-ah-title\"><span class=\"first-title\"><strong>Wellness corporativo con prop\u00f3sito: m\u00e1s all\u00e1 del marketing interno<\/strong><\/span><\/h2><\/div><\/div><\/div>\n\n\n\n<p>El verdadero impacto del wellness corporativo ocurre cuando deja de ser un accesorio y se convierte en parte de la estrategia de negocio. Si bien ofrecer beneficios de bienestar puede ayudar a atraer talento, mantenerlo requiere coherencia organizacional: jornadas razonables, liderazgo emp\u00e1tico y espacios psicol\u00f3gicamente seguros.<\/p>\n\n\n\n<figure class=\"wp-block-image size-full\"><img decoding=\"async\" width=\"640\" height=\"960\" src=\"https:\/\/b2v.mx\/media\/wp-content\/uploads\/2025\/07\/pexels-nazli-gaylan-azili-49565143-32935568.jpg\" alt=\"\" class=\"wp-image-9084\" srcset=\"https:\/\/b2v.mx\/media\/wp-content\/uploads\/2025\/07\/pexels-nazli-gaylan-azili-49565143-32935568.jpg 640w, https:\/\/b2v.mx\/media\/wp-content\/uploads\/2025\/07\/pexels-nazli-gaylan-azili-49565143-32935568-200x300.jpg 200w\" sizes=\"(max-width: 640px) 100vw, 640px\" \/><\/figure>\n\n\n\n<p>Cuando los programas de bienestar est\u00e1n desconectados del d\u00eda a d\u00eda o se usan solo para maquillar culturas t\u00f3xicas, pierden efectividad. En cambio, cuando son parte integral del modelo operativo, generan colaboradores m\u00e1s comprometidos, saludables y productivos. En un entorno laboral donde el agotamiento y la ansiedad son comunes, cuidar el bienestar ya no es opcional: es parte del \u00e9xito sostenible.<\/p>\n","protected":false},"excerpt":{"rendered":"<p>\u00bfEl wellness corporativo es solo una moda? Descubre c\u00f3mo las empresas mexicanas est\u00e1n implementando programas de bienestar<\/p>\n","protected":false},"author":10,"featured_media":9085,"comment_status":"open","ping_status":"open","sticky":false,"template":"","format":"standard","meta":{"_eb_attr":"","_monsterinsights_skip_tracking":false,"_monsterinsights_sitenote_active":false,"_monsterinsights_sitenote_note":"","_monsterinsights_sitenote_category":0,"site-sidebar-layout":"default","site-content-layout":"","ast-site-content-layout":"default","site-content-style":"default","site-sidebar-style":"default","ast-global-header-display":"","ast-banner-title-visibility":"","ast-main-header-display":"","ast-hfb-above-header-display":"","ast-hfb-below-header-display":"","ast-hfb-mobile-header-display":"","site-post-title":"","ast-breadcrumbs-content":"","ast-featured-img":"","footer-sml-layout":"","theme-transparent-header-meta":"","adv-header-id-meta":"","stick-header-meta":"","header-above-stick-meta":"","header-main-stick-meta":"","header-below-stick-meta":"","astra-migrate-meta-layouts":"set","ast-page-background-enabled":"default","ast-page-background-meta":{"desktop":{"background-color":"","background-image":"","background-repeat":"repeat","background-position":"center center","background-size":"auto","background-attachment":"scroll","background-type":"","background-media":"","overlay-type":"","overlay-color":"","overlay-opacity":"","overlay-gradient":""},"tablet":{"background-color":"","background-image":"","background-repeat":"repeat","background-position":"center center","background-size":"auto","background-attachment":"scroll","background-type":"","background-media":"","overlay-type":"","overlay-color":"","overlay-opacity":"","overlay-gradient":""},"mobile":{"background-color":"","background-image":"","background-repeat":"repeat","background-position":"center center","background-size":"auto","background-attachment":"scroll","background-type":"","background-media":"","overlay-type":"","overlay-color":"","overlay-opacity":"","overlay-gradient":""}},"ast-content-background-meta":{"desktop":{"background-color":"var(--ast-global-color-5)","background-image":"","background-repeat":"repeat","background-position":"center center","background-size":"auto","background-attachment":"scroll","background-type":"","background-media":"","overlay-type":"","overlay-color":"","overlay-opacity":"","overlay-gradient":""},"tablet":{"background-color":"var(--ast-global-color-5)","background-image":"","background-repeat":"repeat","background-position":"center center","background-size":"auto","background-attachment":"scroll","background-type":"","background-media":"","overlay-type":"","overlay-color":"","overlay-opacity":"","overlay-gradient":""},"mobile":{"background-color":"var(--ast-global-color-5)","background-image":"","background-repeat":"repeat","background-position":"center center","background-size":"auto","background-attachment":"scroll","background-type":"","background-media":"","overlay-type":"","overlay-color":"","overlay-opacity":"","overlay-gradient":""}},"footnotes":"","_wpscppro_dont_share_socialmedia":false,"_wpscppro_custom_social_share_image":0,"_facebook_share_type":"","_twitter_share_type":"","_linkedin_share_type":"","_pinterest_share_type":"","_linkedin_share_type_page":"","_instagram_share_type":"","_medium_share_type":"","_threads_share_type":"","_selected_social_profile":[],"_wpsp_enable_custom_social_template":false,"_wpsp_social_scheduling":{"enabled":false,"datetime":null,"platforms":[],"status":"template_only","dateOption":"today","timeOption":"now","customDays":"","customHours":"","customDate":"","customTime":"","schedulingType":"absolute"},"_wpsp_active_default_template":true},"categories":[236,61],"tags":[917],"class_list":["post-9082","post","type-post","status-publish","format-standard","has-post-thumbnail","hentry","category-portada","category-lifestyle","tag-wellness"],"yoast_head":"<!-- This site is optimized with the Yoast SEO plugin v27.4 - https:\/\/yoast.com\/product\/yoast-seo-wordpress\/ -->\n<title>Wellness corporativo: \u00bfmoda o inversi\u00f3n con retorno? - B2V Media<\/title>\n<meta name=\"description\" content=\"\u00bfEl wellness corporativo es solo una moda? Descubre c\u00f3mo las empresas mexicanas est\u00e1n implementando programas de bienestar\" \/>\n<meta name=\"robots\" content=\"index, follow, max-snippet:-1, max-image-preview:large, max-video-preview:-1\" \/>\n<link rel=\"canonical\" href=\"https:\/\/b2v.mx\/media\/wellness-corporativo-moda-o-inversion-con-retorno\/\" \/>\n<meta property=\"og:locale\" content=\"es_ES\" \/>\n<meta property=\"og:type\" content=\"article\" \/>\n<meta property=\"og:title\" content=\"Wellness corporativo: \u00bfmoda o inversi\u00f3n con retorno? - B2V Media\" \/>\n<meta property=\"og:description\" content=\"\u00bfEl wellness corporativo es solo una moda? Descubre c\u00f3mo las empresas mexicanas est\u00e1n implementando programas de bienestar\" \/>\n<meta property=\"og:url\" content=\"https:\/\/b2v.mx\/media\/wellness-corporativo-moda-o-inversion-con-retorno\/\" \/>\n<meta property=\"og:site_name\" content=\"B2V Media\" \/>\n<meta property=\"article:publisher\" content=\"https:\/\/www.facebook.com\/b2vmx\" \/>\n<meta property=\"article:published_time\" content=\"2025-07-16T03:00:29+00:00\" \/>\n<meta property=\"article:modified_time\" content=\"2025-07-16T03:00:32+00:00\" \/>\n<meta property=\"og:image\" content=\"https:\/\/b2v.mx\/media\/wp-content\/uploads\/2025\/07\/pexels-shvets-production-7176076.jpg\" \/>\n\t<meta property=\"og:image:width\" content=\"640\" \/>\n\t<meta property=\"og:image:height\" content=\"427\" \/>\n\t<meta property=\"og:image:type\" content=\"image\/jpeg\" \/>\n<meta name=\"author\" content=\"Andrea V\u00e1zquez Azp\u00edroz\" \/>\n<meta name=\"twitter:card\" content=\"summary_large_image\" \/>\n<meta name=\"twitter:creator\" content=\"@b2v_mx\" \/>\n<meta name=\"twitter:site\" content=\"@b2v_mx\" \/>\n<meta name=\"twitter:label1\" content=\"Escrito por\" \/>\n\t<meta name=\"twitter:data1\" content=\"Andrea V\u00e1zquez Azp\u00edroz\" \/>\n\t<meta name=\"twitter:label2\" content=\"Tiempo de lectura\" \/>\n\t<meta name=\"twitter:data2\" content=\"3 minutos\" \/>\n<script type=\"application\/ld+json\" class=\"yoast-schema-graph\">{\"@context\":\"https:\\\/\\\/schema.org\",\"@graph\":[{\"@type\":\"Article\",\"@id\":\"https:\\\/\\\/b2v.mx\\\/media\\\/wellness-corporativo-moda-o-inversion-con-retorno\\\/#article\",\"isPartOf\":{\"@id\":\"https:\\\/\\\/b2v.mx\\\/media\\\/wellness-corporativo-moda-o-inversion-con-retorno\\\/\"},\"author\":{\"name\":\"Andrea V\u00e1zquez Azp\u00edroz\",\"@id\":\"https:\\\/\\\/b2v.mx\\\/media\\\/#\\\/schema\\\/person\\\/fdeb859d1bdda9c8d2c94c76f1da9dd9\"},\"headline\":\"Wellness corporativo: \u00bfmoda o inversi\u00f3n con retorno?\",\"datePublished\":\"2025-07-16T03:00:29+00:00\",\"dateModified\":\"2025-07-16T03:00:32+00:00\",\"mainEntityOfPage\":{\"@id\":\"https:\\\/\\\/b2v.mx\\\/media\\\/wellness-corporativo-moda-o-inversion-con-retorno\\\/\"},\"wordCount\":468,\"commentCount\":0,\"publisher\":{\"@id\":\"https:\\\/\\\/b2v.mx\\\/media\\\/#organization\"},\"image\":{\"@id\":\"https:\\\/\\\/b2v.mx\\\/media\\\/wellness-corporativo-moda-o-inversion-con-retorno\\\/#primaryimage\"},\"thumbnailUrl\":\"https:\\\/\\\/b2v.mx\\\/media\\\/wp-content\\\/uploads\\\/2025\\\/07\\\/pexels-shvets-production-7176076.jpg\",\"keywords\":[\"wellness\"],\"articleSection\":[\"Portada\",\"Vida &amp; Estilo\"],\"inLanguage\":\"es\",\"potentialAction\":[{\"@type\":\"CommentAction\",\"name\":\"Comment\",\"target\":[\"https:\\\/\\\/b2v.mx\\\/media\\\/wellness-corporativo-moda-o-inversion-con-retorno\\\/#respond\"]}]},{\"@type\":\"WebPage\",\"@id\":\"https:\\\/\\\/b2v.mx\\\/media\\\/wellness-corporativo-moda-o-inversion-con-retorno\\\/\",\"url\":\"https:\\\/\\\/b2v.mx\\\/media\\\/wellness-corporativo-moda-o-inversion-con-retorno\\\/\",\"name\":\"Wellness corporativo: \u00bfmoda o inversi\u00f3n con retorno? - B2V Media\",\"isPartOf\":{\"@id\":\"https:\\\/\\\/b2v.mx\\\/media\\\/#website\"},\"primaryImageOfPage\":{\"@id\":\"https:\\\/\\\/b2v.mx\\\/media\\\/wellness-corporativo-moda-o-inversion-con-retorno\\\/#primaryimage\"},\"image\":{\"@id\":\"https:\\\/\\\/b2v.mx\\\/media\\\/wellness-corporativo-moda-o-inversion-con-retorno\\\/#primaryimage\"},\"thumbnailUrl\":\"https:\\\/\\\/b2v.mx\\\/media\\\/wp-content\\\/uploads\\\/2025\\\/07\\\/pexels-shvets-production-7176076.jpg\",\"datePublished\":\"2025-07-16T03:00:29+00:00\",\"dateModified\":\"2025-07-16T03:00:32+00:00\",\"description\":\"\u00bfEl wellness corporativo es solo una moda? Descubre c\u00f3mo las empresas mexicanas est\u00e1n implementando programas de bienestar\",\"inLanguage\":\"es\",\"potentialAction\":[{\"@type\":\"ReadAction\",\"target\":[\"https:\\\/\\\/b2v.mx\\\/media\\\/wellness-corporativo-moda-o-inversion-con-retorno\\\/\"]}]},{\"@type\":\"ImageObject\",\"inLanguage\":\"es\",\"@id\":\"https:\\\/\\\/b2v.mx\\\/media\\\/wellness-corporativo-moda-o-inversion-con-retorno\\\/#primaryimage\",\"url\":\"https:\\\/\\\/b2v.mx\\\/media\\\/wp-content\\\/uploads\\\/2025\\\/07\\\/pexels-shvets-production-7176076.jpg\",\"contentUrl\":\"https:\\\/\\\/b2v.mx\\\/media\\\/wp-content\\\/uploads\\\/2025\\\/07\\\/pexels-shvets-production-7176076.jpg\",\"width\":640,\"height\":427,\"caption\":\"wellness\"},{\"@type\":\"WebSite\",\"@id\":\"https:\\\/\\\/b2v.mx\\\/media\\\/#website\",\"url\":\"https:\\\/\\\/b2v.mx\\\/media\\\/\",\"name\":\"B2V Media\",\"description\":\"Sitio de Contenidos de Negocios\",\"publisher\":{\"@id\":\"https:\\\/\\\/b2v.mx\\\/media\\\/#organization\"},\"alternateName\":\"B2V MX\",\"potentialAction\":[{\"@type\":\"SearchAction\",\"target\":{\"@type\":\"EntryPoint\",\"urlTemplate\":\"https:\\\/\\\/b2v.mx\\\/media\\\/?s={search_term_string}\"},\"query-input\":{\"@type\":\"PropertyValueSpecification\",\"valueRequired\":true,\"valueName\":\"search_term_string\"}}],\"inLanguage\":\"es\"},{\"@type\":\"Organization\",\"@id\":\"https:\\\/\\\/b2v.mx\\\/media\\\/#organization\",\"name\":\"B2V Media\",\"alternateName\":\"B2V MX\",\"url\":\"https:\\\/\\\/b2v.mx\\\/media\\\/\",\"logo\":{\"@type\":\"ImageObject\",\"inLanguage\":\"es\",\"@id\":\"https:\\\/\\\/b2v.mx\\\/media\\\/#\\\/schema\\\/logo\\\/image\\\/\",\"url\":\"https:\\\/\\\/b2v.mx\\\/media\\\/wp-content\\\/uploads\\\/2023\\\/01\\\/cropped-Logos_Mesa-de-trabajo-1-e1754716517695.png\",\"contentUrl\":\"https:\\\/\\\/b2v.mx\\\/media\\\/wp-content\\\/uploads\\\/2023\\\/01\\\/cropped-Logos_Mesa-de-trabajo-1-e1754716517695.png\",\"width\":250,\"height\":151,\"caption\":\"B2V Media\"},\"image\":{\"@id\":\"https:\\\/\\\/b2v.mx\\\/media\\\/#\\\/schema\\\/logo\\\/image\\\/\"},\"sameAs\":[\"https:\\\/\\\/www.facebook.com\\\/b2vmx\",\"https:\\\/\\\/x.com\\\/b2v_mx\",\"https:\\\/\\\/www.instagram.com\\\/b2vmx\\\/\",\"https:\\\/\\\/linkedin.com\\\/business\\\/b2vmx\"]},{\"@type\":\"Person\",\"@id\":\"https:\\\/\\\/b2v.mx\\\/media\\\/#\\\/schema\\\/person\\\/fdeb859d1bdda9c8d2c94c76f1da9dd9\",\"name\":\"Andrea V\u00e1zquez Azp\u00edroz\",\"image\":{\"@type\":\"ImageObject\",\"inLanguage\":\"es\",\"@id\":\"https:\\\/\\\/secure.gravatar.com\\\/avatar\\\/59c147bb05cf879345a7243fd4d7c9c3ae878ebb3a2c1e59e584d824e2d9771a?s=96&d=mm&r=g\",\"url\":\"https:\\\/\\\/secure.gravatar.com\\\/avatar\\\/59c147bb05cf879345a7243fd4d7c9c3ae878ebb3a2c1e59e584d824e2d9771a?s=96&d=mm&r=g\",\"contentUrl\":\"https:\\\/\\\/secure.gravatar.com\\\/avatar\\\/59c147bb05cf879345a7243fd4d7c9c3ae878ebb3a2c1e59e584d824e2d9771a?s=96&d=mm&r=g\",\"caption\":\"Andrea V\u00e1zquez Azp\u00edroz\"},\"url\":\"https:\\\/\\\/b2v.mx\\\/media\\\/author\\\/avazquez\\\/\"}]}<\/script>\n<!-- \/ Yoast SEO plugin. -->","yoast_head_json":{"title":"Wellness corporativo: \u00bfmoda o inversi\u00f3n con retorno? - B2V Media","description":"\u00bfEl wellness corporativo es solo una moda? Descubre c\u00f3mo las empresas mexicanas est\u00e1n implementando programas de bienestar","robots":{"index":"index","follow":"follow","max-snippet":"max-snippet:-1","max-image-preview":"max-image-preview:large","max-video-preview":"max-video-preview:-1"},"canonical":"https:\/\/b2v.mx\/media\/wellness-corporativo-moda-o-inversion-con-retorno\/","og_locale":"es_ES","og_type":"article","og_title":"Wellness corporativo: \u00bfmoda o inversi\u00f3n con retorno? - B2V Media","og_description":"\u00bfEl wellness corporativo es solo una moda? Descubre c\u00f3mo las empresas mexicanas est\u00e1n implementando programas de bienestar","og_url":"https:\/\/b2v.mx\/media\/wellness-corporativo-moda-o-inversion-con-retorno\/","og_site_name":"B2V Media","article_publisher":"https:\/\/www.facebook.com\/b2vmx","article_published_time":"2025-07-16T03:00:29+00:00","article_modified_time":"2025-07-16T03:00:32+00:00","og_image":[{"width":640,"height":427,"url":"https:\/\/b2v.mx\/media\/wp-content\/uploads\/2025\/07\/pexels-shvets-production-7176076.jpg","type":"image\/jpeg"}],"author":"Andrea V\u00e1zquez Azp\u00edroz","twitter_card":"summary_large_image","twitter_creator":"@b2v_mx","twitter_site":"@b2v_mx","twitter_misc":{"Escrito por":"Andrea V\u00e1zquez Azp\u00edroz","Tiempo de lectura":"3 minutos"},"schema":{"@context":"https:\/\/schema.org","@graph":[{"@type":"Article","@id":"https:\/\/b2v.mx\/media\/wellness-corporativo-moda-o-inversion-con-retorno\/#article","isPartOf":{"@id":"https:\/\/b2v.mx\/media\/wellness-corporativo-moda-o-inversion-con-retorno\/"},"author":{"name":"Andrea V\u00e1zquez Azp\u00edroz","@id":"https:\/\/b2v.mx\/media\/#\/schema\/person\/fdeb859d1bdda9c8d2c94c76f1da9dd9"},"headline":"Wellness corporativo: \u00bfmoda o inversi\u00f3n con retorno?","datePublished":"2025-07-16T03:00:29+00:00","dateModified":"2025-07-16T03:00:32+00:00","mainEntityOfPage":{"@id":"https:\/\/b2v.mx\/media\/wellness-corporativo-moda-o-inversion-con-retorno\/"},"wordCount":468,"commentCount":0,"publisher":{"@id":"https:\/\/b2v.mx\/media\/#organization"},"image":{"@id":"https:\/\/b2v.mx\/media\/wellness-corporativo-moda-o-inversion-con-retorno\/#primaryimage"},"thumbnailUrl":"https:\/\/b2v.mx\/media\/wp-content\/uploads\/2025\/07\/pexels-shvets-production-7176076.jpg","keywords":["wellness"],"articleSection":["Portada","Vida &amp; Estilo"],"inLanguage":"es","potentialAction":[{"@type":"CommentAction","name":"Comment","target":["https:\/\/b2v.mx\/media\/wellness-corporativo-moda-o-inversion-con-retorno\/#respond"]}]},{"@type":"WebPage","@id":"https:\/\/b2v.mx\/media\/wellness-corporativo-moda-o-inversion-con-retorno\/","url":"https:\/\/b2v.mx\/media\/wellness-corporativo-moda-o-inversion-con-retorno\/","name":"Wellness corporativo: \u00bfmoda o inversi\u00f3n con retorno? - B2V Media","isPartOf":{"@id":"https:\/\/b2v.mx\/media\/#website"},"primaryImageOfPage":{"@id":"https:\/\/b2v.mx\/media\/wellness-corporativo-moda-o-inversion-con-retorno\/#primaryimage"},"image":{"@id":"https:\/\/b2v.mx\/media\/wellness-corporativo-moda-o-inversion-con-retorno\/#primaryimage"},"thumbnailUrl":"https:\/\/b2v.mx\/media\/wp-content\/uploads\/2025\/07\/pexels-shvets-production-7176076.jpg","datePublished":"2025-07-16T03:00:29+00:00","dateModified":"2025-07-16T03:00:32+00:00","description":"\u00bfEl wellness corporativo es solo una moda? Descubre c\u00f3mo las empresas mexicanas est\u00e1n implementando programas de bienestar","inLanguage":"es","potentialAction":[{"@type":"ReadAction","target":["https:\/\/b2v.mx\/media\/wellness-corporativo-moda-o-inversion-con-retorno\/"]}]},{"@type":"ImageObject","inLanguage":"es","@id":"https:\/\/b2v.mx\/media\/wellness-corporativo-moda-o-inversion-con-retorno\/#primaryimage","url":"https:\/\/b2v.mx\/media\/wp-content\/uploads\/2025\/07\/pexels-shvets-production-7176076.jpg","contentUrl":"https:\/\/b2v.mx\/media\/wp-content\/uploads\/2025\/07\/pexels-shvets-production-7176076.jpg","width":640,"height":427,"caption":"wellness"},{"@type":"WebSite","@id":"https:\/\/b2v.mx\/media\/#website","url":"https:\/\/b2v.mx\/media\/","name":"B2V Media","description":"Sitio de Contenidos de Negocios","publisher":{"@id":"https:\/\/b2v.mx\/media\/#organization"},"alternateName":"B2V MX","potentialAction":[{"@type":"SearchAction","target":{"@type":"EntryPoint","urlTemplate":"https:\/\/b2v.mx\/media\/?s={search_term_string}"},"query-input":{"@type":"PropertyValueSpecification","valueRequired":true,"valueName":"search_term_string"}}],"inLanguage":"es"},{"@type":"Organization","@id":"https:\/\/b2v.mx\/media\/#organization","name":"B2V Media","alternateName":"B2V MX","url":"https:\/\/b2v.mx\/media\/","logo":{"@type":"ImageObject","inLanguage":"es","@id":"https:\/\/b2v.mx\/media\/#\/schema\/logo\/image\/","url":"https:\/\/b2v.mx\/media\/wp-content\/uploads\/2023\/01\/cropped-Logos_Mesa-de-trabajo-1-e1754716517695.png","contentUrl":"https:\/\/b2v.mx\/media\/wp-content\/uploads\/2023\/01\/cropped-Logos_Mesa-de-trabajo-1-e1754716517695.png","width":250,"height":151,"caption":"B2V Media"},"image":{"@id":"https:\/\/b2v.mx\/media\/#\/schema\/logo\/image\/"},"sameAs":["https:\/\/www.facebook.com\/b2vmx","https:\/\/x.com\/b2v_mx","https:\/\/www.instagram.com\/b2vmx\/","https:\/\/linkedin.com\/business\/b2vmx"]},{"@type":"Person","@id":"https:\/\/b2v.mx\/media\/#\/schema\/person\/fdeb859d1bdda9c8d2c94c76f1da9dd9","name":"Andrea V\u00e1zquez Azp\u00edroz","image":{"@type":"ImageObject","inLanguage":"es","@id":"https:\/\/secure.gravatar.com\/avatar\/59c147bb05cf879345a7243fd4d7c9c3ae878ebb3a2c1e59e584d824e2d9771a?s=96&d=mm&r=g","url":"https:\/\/secure.gravatar.com\/avatar\/59c147bb05cf879345a7243fd4d7c9c3ae878ebb3a2c1e59e584d824e2d9771a?s=96&d=mm&r=g","contentUrl":"https:\/\/secure.gravatar.com\/avatar\/59c147bb05cf879345a7243fd4d7c9c3ae878ebb3a2c1e59e584d824e2d9771a?s=96&d=mm&r=g","caption":"Andrea V\u00e1zquez Azp\u00edroz"},"url":"https:\/\/b2v.mx\/media\/author\/avazquez\/"}]}},"_links":{"self":[{"href":"https:\/\/b2v.mx\/media\/wp-json\/wp\/v2\/posts\/9082","targetHints":{"allow":["GET"]}}],"collection":[{"href":"https:\/\/b2v.mx\/media\/wp-json\/wp\/v2\/posts"}],"about":[{"href":"https:\/\/b2v.mx\/media\/wp-json\/wp\/v2\/types\/post"}],"author":[{"embeddable":true,"href":"https:\/\/b2v.mx\/media\/wp-json\/wp\/v2\/users\/10"}],"replies":[{"embeddable":true,"href":"https:\/\/b2v.mx\/media\/wp-json\/wp\/v2\/comments?post=9082"}],"version-history":[{"count":1,"href":"https:\/\/b2v.mx\/media\/wp-json\/wp\/v2\/posts\/9082\/revisions"}],"predecessor-version":[{"id":9086,"href":"https:\/\/b2v.mx\/media\/wp-json\/wp\/v2\/posts\/9082\/revisions\/9086"}],"wp:featuredmedia":[{"embeddable":true,"href":"https:\/\/b2v.mx\/media\/wp-json\/wp\/v2\/media\/9085"}],"wp:attachment":[{"href":"https:\/\/b2v.mx\/media\/wp-json\/wp\/v2\/media?parent=9082"}],"wp:term":[{"taxonomy":"category","embeddable":true,"href":"https:\/\/b2v.mx\/media\/wp-json\/wp\/v2\/categories?post=9082"},{"taxonomy":"post_tag","embeddable":true,"href":"https:\/\/b2v.mx\/media\/wp-json\/wp\/v2\/tags?post=9082"}],"curies":[{"name":"wp","href":"https:\/\/api.w.org\/{rel}","templated":true}]}}