{"id":9092,"date":"2025-07-18T15:54:00","date_gmt":"2025-07-18T21:54:00","guid":{"rendered":"https:\/\/b2v.mx\/media\/?p=9092"},"modified":"2025-07-18T12:55:03","modified_gmt":"2025-07-18T18:55:03","slug":"quien-fue-roberto-servitje-sendra-legado-de-liderazgo-humano-en-grupo-bimbo","status":"publish","type":"post","link":"https:\/\/b2v.mx\/media\/quien-fue-roberto-servitje-sendra-legado-de-liderazgo-humano-en-grupo-bimbo\/","title":{"rendered":"Qui\u00e9n fue Roberto Servitje Sendra: legado de liderazgo humano en Grupo Bimbo"},"content":{"rendered":"\n<p>Roberto Servitje Sendra, cofundador de Grupo Bimbo y una de las figuras empresariales m\u00e1s influyentes de M\u00e9xico, falleci\u00f3 este lunes 14 de julio de 2025 a los 96 a\u00f1os. Su muerte marca el fin de una era en la industria alimentaria y deja tras de s\u00ed una herencia empresarial centrada en el valor humano, la \u00e9tica organizacional y la expansi\u00f3n internacional basada en principios.<\/p>\n\n\n\n<p><strong><em>Te puede interesar: <a href=\"https:\/\/b2v.mx\/media\/foro-mx-innovacion-energetica-el-presente-no-espera\/\">Foro MX Innovaci\u00f3n Energ\u00e9tica: el presente no espera<\/a><\/em><\/strong><\/p>\n\n\n\n<p>Nacido en la Ciudad de M\u00e9xico en 1928, Roberto form\u00f3 parte del grupo fundador de Bimbo en 1945, junto con su hermano Lorenzo Servitje, Jaime Jorba, Jos\u00e9 T. Mata, Jaime Sendra y Alfonso Velasco. Desde sus inicios, Roberto asumi\u00f3 responsabilidades clave en operaciones y expansi\u00f3n, y fue una pieza estrat\u00e9gica en la evoluci\u00f3n del peque\u00f1o negocio panadero hacia una de las empresas de alimentos m\u00e1s grandes del mundo.<\/p>\n\n\n\n<div class=\"wp-block-essential-blocks-advanced-heading  root-eb-advance-heading-s22ja\"><div class=\"eb-parent-wrapper eb-parent-eb-advance-heading-s22ja \"><div class=\"eb-advance-heading-wrapper eb-advance-heading-s22ja button-1 undefined\" data-id=\"eb-advance-heading-s22ja\"><h2 class=\"eb-ah-title\"><span class=\"first-title\"><strong>De M\u00e9xico al mundo: una visi\u00f3n empresarial con prop\u00f3sito<\/strong><br><\/span><\/h2><\/div><\/div><\/div>\n\n\n\n<p>Servitje Sendra asumi\u00f3 la direcci\u00f3n general de Grupo Bimbo en 1979 y m\u00e1s tarde la presidencia del consejo de administraci\u00f3n. Durante su liderazgo, la compa\u00f1\u00eda no solo consolid\u00f3 su dominio en el mercado mexicano, sino que extendi\u00f3 su presencia a Estados Unidos, Am\u00e9rica Latina, Europa y Asia. Su visi\u00f3n fue determinante para hacer de Bimbo un caso de estudio global en eficiencia log\u00edstica, integraci\u00f3n vertical y cultura corporativa s\u00f3lida.<\/p>\n\n\n\n<figure class=\"wp-block-image size-full\"><img fetchpriority=\"high\" decoding=\"async\" width=\"212\" height=\"238\" src=\"https:\/\/b2v.mx\/media\/wp-content\/uploads\/2025\/07\/descarga-1.jpeg\" alt=\"\" class=\"wp-image-9093\"\/><\/figure>\n\n\n\n<p>M\u00e1s all\u00e1 del crecimiento financiero, su legado radica en la manera en que entend\u00eda el papel de la empresa en la sociedad. Servitje fue un convencido de que las organizaciones deben crear valor econ\u00f3mico sin perder de vista el bienestar de sus trabajadores, la integridad en sus procesos y el respeto por el entorno. Bajo su gesti\u00f3n, Grupo Bimbo fue pionera en pr\u00e1cticas de responsabilidad social, inclusi\u00f3n, sostenibilidad y desarrollo humano dentro del \u00e1mbito empresarial mexicano.<\/p>\n\n\n\n<p><strong><em>Te puede interesar: <a href=\"https:\/\/b2v.mx\/media\/wellness-corporativo-moda-o-inversion-con-retorno\/\">Wellness corporativo: \u00bfmoda o inversi\u00f3n con retorno?<\/a><\/em><\/strong><\/p>\n\n\n\n<p>Roberto tambi\u00e9n impuls\u00f3 la creaci\u00f3n de la Universidad Corporativa de Bimbo, la Universidad Mexicana del Emprendimiento (UNIME), \u00a0promovi\u00f3 pol\u00edticas laborales ejemplares y estableci\u00f3 mecanismos para que la cultura organizacional estuviera impregnada de \u00e9tica y compromiso comunitario. Su manera de liderar fue profundamente humana: cercana, austera y congruente con los valores que predicaba.<\/p>\n\n\n\n<div class=\"wp-block-essential-blocks-advanced-heading  root-eb-advance-heading-4os4t\"><div class=\"eb-parent-wrapper eb-parent-eb-advance-heading-4os4t \"><div class=\"eb-advance-heading-wrapper eb-advance-heading-4os4t button-1 undefined\" data-id=\"eb-advance-heading-4os4t\"><h2 class=\"eb-ah-title\"><span class=\"first-title\"><strong>Liderazgo \u00e9tico y humano: la marca de Roberto Servitje<\/strong><br><\/span><\/h2><\/div><\/div><\/div>\n\n\n\n<p>Adem\u00e1s de su trayectoria como ejecutivo, Roberto Servitje fue un pensador organizacional. Escribi\u00f3 varios libros sobre liderazgo con sentido, y en sus m\u00faltiples conferencias defendi\u00f3 la espiritualidad en la empresa, el trato digno a los colaboradores y la vocaci\u00f3n de servicio como motores del \u00e9xito a largo plazo. Para \u00e9l, una compa\u00f1\u00eda deb\u00eda \u201cservir a la sociedad\u201d y no limitarse a generar utilidades.<\/p>\n\n\n\n<figure class=\"wp-block-image size-full\"><img decoding=\"async\" width=\"300\" height=\"168\" src=\"https:\/\/b2v.mx\/media\/wp-content\/uploads\/2025\/07\/descarga-2.jpeg\" alt=\"\" class=\"wp-image-9094\"\/><\/figure>\n\n\n\n<p>Su visi\u00f3n empresarial ten\u00eda como base una convicci\u00f3n profunda: la empresa es una comunidad de personas con un fin trascendente. Esta idea se reflejaba en decisiones estrat\u00e9gicas, en la cultura interna y en su enfoque ante los desaf\u00edos econ\u00f3micos y tecnol\u00f3gicos. Incluso al retirarse del consejo en 2013, su pensamiento sigui\u00f3 guiando la evoluci\u00f3n del grupo.<\/p>\n\n\n\n<p><strong><em>Te puede interesar: <a href=\"https:\/\/b2v.mx\/media\/mas-alla-del-greenwashing-como-verificar-si-una-empresa-realmente-es-socialmente-responsable\/\">M\u00e1s all\u00e1 del greenwashing: c\u00f3mo verificar si una empresa realmente es socialmente responsable<\/a><\/em><\/strong><\/p>\n\n\n\n<p>Su legado est\u00e1 presente en los m\u00e1s de 100 mil colaboradores de Grupo Bimbo, en los m\u00e1s de 30 pa\u00edses donde opera, y en la consolidaci\u00f3n de un modelo empresarial que combina competitividad global con responsabilidad social y ambiental. Fue tambi\u00e9n un referente para l\u00edderes de todo tipo de industrias, que encontraron en \u00e9l un modelo de coherencia, integridad y visi\u00f3n a largo plazo.<\/p>\n\n\n\n<p><\/p>\n","protected":false},"excerpt":{"rendered":"<p>Conoce el legado de Roberto Servitje Sendra y el liderazgo humano que lo distingui\u00f3 en el contexto empresarial. <\/p>\n","protected":false},"author":10,"featured_media":9095,"comment_status":"open","ping_status":"open","sticky":false,"template":"","format":"standard","meta":{"_eb_attr":"","_monsterinsights_skip_tracking":false,"_monsterinsights_sitenote_active":false,"_monsterinsights_sitenote_note":"","_monsterinsights_sitenote_category":0,"site-sidebar-layout":"default","site-content-layout":"","ast-site-content-layout":"default","site-content-style":"default","site-sidebar-style":"default","ast-global-header-display":"","ast-banner-title-visibility":"","ast-main-header-display":"","ast-hfb-above-header-display":"","ast-hfb-below-header-display":"","ast-hfb-mobile-header-display":"","site-post-title":"","ast-breadcrumbs-content":"","ast-featured-img":"","footer-sml-layout":"","theme-transparent-header-meta":"","adv-header-id-meta":"","stick-header-meta":"","header-above-stick-meta":"","header-main-stick-meta":"","header-below-stick-meta":"","astra-migrate-meta-layouts":"set","ast-page-background-enabled":"default","ast-page-background-meta":{"desktop":{"background-color":"","background-image":"","background-repeat":"repeat","background-position":"center center","background-size":"auto","background-attachment":"scroll","background-type":"","background-media":"","overlay-type":"","overlay-color":"","overlay-opacity":"","overlay-gradient":""},"tablet":{"background-color":"","background-image":"","background-repeat":"repeat","background-position":"center center","background-size":"auto","background-attachment":"scroll","background-type":"","background-media":"","overlay-type":"","overlay-color":"","overlay-opacity":"","overlay-gradient":""},"mobile":{"background-color":"","background-image":"","background-repeat":"repeat","background-position":"center center","background-size":"auto","background-attachment":"scroll","background-type":"","background-media":"","overlay-type":"","overlay-color":"","overlay-opacity":"","overlay-gradient":""}},"ast-content-background-meta":{"desktop":{"background-color":"var(--ast-global-color-5)","background-image":"","background-repeat":"repeat","background-position":"center center","background-size":"auto","background-attachment":"scroll","background-type":"","background-media":"","overlay-type":"","overlay-color":"","overlay-opacity":"","overlay-gradient":""},"tablet":{"background-color":"var(--ast-global-color-5)","background-image":"","background-repeat":"repeat","background-position":"center center","background-size":"auto","background-attachment":"scroll","background-type":"","background-media":"","overlay-type":"","overlay-color":"","overlay-opacity":"","overlay-gradient":""},"mobile":{"background-color":"var(--ast-global-color-5)","background-image":"","background-repeat":"repeat","background-position":"center center","background-size":"auto","background-attachment":"scroll","background-type":"","background-media":"","overlay-type":"","overlay-color":"","overlay-opacity":"","overlay-gradient":""}},"footnotes":"","_wpscppro_dont_share_socialmedia":false,"_wpscppro_custom_social_share_image":0,"_facebook_share_type":"","_twitter_share_type":"","_linkedin_share_type":"","_pinterest_share_type":"","_linkedin_share_type_page":"","_instagram_share_type":"","_medium_share_type":"","_threads_share_type":"","_selected_social_profile":[],"_wpsp_enable_custom_social_template":false,"_wpsp_social_scheduling":{"enabled":false,"datetime":null,"platforms":[],"status":"template_only","dateOption":"today","timeOption":"now","customDays":"","customHours":"","customDate":"","customTime":"","schedulingType":"absolute"},"_wpsp_active_default_template":true},"categories":[19,236],"tags":[920],"class_list":["post-9092","post","type-post","status-publish","format-standard","has-post-thumbnail","hentry","category-b2v","category-portada","tag-roberto-servitje"],"yoast_head":"<!-- This site is optimized with the Yoast SEO plugin v27.4 - https:\/\/yoast.com\/product\/yoast-seo-wordpress\/ -->\n<title>Qui\u00e9n fue Roberto Servitje Sendra: legado de liderazgo humano en Grupo Bimbo - B2V Media<\/title>\n<meta name=\"description\" content=\"Conoce el legado de Roberto Servitje Sendra y el liderazgo humano que lo distingui\u00f3 en el contexto empresarial.\" \/>\n<meta name=\"robots\" content=\"index, follow, max-snippet:-1, max-image-preview:large, max-video-preview:-1\" \/>\n<link rel=\"canonical\" href=\"https:\/\/b2v.mx\/media\/quien-fue-roberto-servitje-sendra-legado-de-liderazgo-humano-en-grupo-bimbo\/\" \/>\n<meta property=\"og:locale\" content=\"es_ES\" \/>\n<meta property=\"og:type\" content=\"article\" \/>\n<meta property=\"og:title\" content=\"Qui\u00e9n fue Roberto Servitje Sendra: legado de liderazgo humano en Grupo Bimbo - B2V Media\" \/>\n<meta property=\"og:description\" content=\"Conoce el legado de Roberto Servitje Sendra y el liderazgo humano que lo distingui\u00f3 en el contexto empresarial.\" \/>\n<meta property=\"og:url\" content=\"https:\/\/b2v.mx\/media\/quien-fue-roberto-servitje-sendra-legado-de-liderazgo-humano-en-grupo-bimbo\/\" \/>\n<meta property=\"og:site_name\" content=\"B2V Media\" \/>\n<meta property=\"article:publisher\" content=\"https:\/\/www.facebook.com\/b2vmx\" \/>\n<meta property=\"article:published_time\" content=\"2025-07-18T21:54:00+00:00\" \/>\n<meta property=\"og:image\" content=\"https:\/\/b2v.mx\/media\/wp-content\/uploads\/2025\/07\/descarga.jpeg\" \/>\n\t<meta property=\"og:image:width\" content=\"309\" \/>\n\t<meta property=\"og:image:height\" content=\"163\" \/>\n\t<meta property=\"og:image:type\" content=\"image\/jpeg\" \/>\n<meta name=\"author\" content=\"Andrea V\u00e1zquez Azp\u00edroz\" \/>\n<meta name=\"twitter:card\" content=\"summary_large_image\" \/>\n<meta name=\"twitter:creator\" content=\"@b2v_mx\" \/>\n<meta name=\"twitter:site\" content=\"@b2v_mx\" \/>\n<meta name=\"twitter:label1\" content=\"Escrito por\" \/>\n\t<meta name=\"twitter:data1\" content=\"Andrea V\u00e1zquez Azp\u00edroz\" \/>\n\t<meta name=\"twitter:label2\" content=\"Tiempo de lectura\" \/>\n\t<meta name=\"twitter:data2\" content=\"4 minutos\" \/>\n<script type=\"application\/ld+json\" class=\"yoast-schema-graph\">{\"@context\":\"https:\\\/\\\/schema.org\",\"@graph\":[{\"@type\":\"Article\",\"@id\":\"https:\\\/\\\/b2v.mx\\\/media\\\/quien-fue-roberto-servitje-sendra-legado-de-liderazgo-humano-en-grupo-bimbo\\\/#article\",\"isPartOf\":{\"@id\":\"https:\\\/\\\/b2v.mx\\\/media\\\/quien-fue-roberto-servitje-sendra-legado-de-liderazgo-humano-en-grupo-bimbo\\\/\"},\"author\":{\"name\":\"Andrea V\u00e1zquez Azp\u00edroz\",\"@id\":\"https:\\\/\\\/b2v.mx\\\/media\\\/#\\\/schema\\\/person\\\/fdeb859d1bdda9c8d2c94c76f1da9dd9\"},\"headline\":\"Qui\u00e9n fue Roberto Servitje Sendra: legado de liderazgo humano en Grupo Bimbo\",\"datePublished\":\"2025-07-18T21:54:00+00:00\",\"mainEntityOfPage\":{\"@id\":\"https:\\\/\\\/b2v.mx\\\/media\\\/quien-fue-roberto-servitje-sendra-legado-de-liderazgo-humano-en-grupo-bimbo\\\/\"},\"wordCount\":627,\"commentCount\":0,\"publisher\":{\"@id\":\"https:\\\/\\\/b2v.mx\\\/media\\\/#organization\"},\"image\":{\"@id\":\"https:\\\/\\\/b2v.mx\\\/media\\\/quien-fue-roberto-servitje-sendra-legado-de-liderazgo-humano-en-grupo-bimbo\\\/#primaryimage\"},\"thumbnailUrl\":\"https:\\\/\\\/b2v.mx\\\/media\\\/wp-content\\\/uploads\\\/2025\\\/07\\\/descarga.jpeg\",\"keywords\":[\"roberto servitje\"],\"articleSection\":[\"Negocios\",\"Portada\"],\"inLanguage\":\"es\",\"potentialAction\":[{\"@type\":\"CommentAction\",\"name\":\"Comment\",\"target\":[\"https:\\\/\\\/b2v.mx\\\/media\\\/quien-fue-roberto-servitje-sendra-legado-de-liderazgo-humano-en-grupo-bimbo\\\/#respond\"]}]},{\"@type\":\"WebPage\",\"@id\":\"https:\\\/\\\/b2v.mx\\\/media\\\/quien-fue-roberto-servitje-sendra-legado-de-liderazgo-humano-en-grupo-bimbo\\\/\",\"url\":\"https:\\\/\\\/b2v.mx\\\/media\\\/quien-fue-roberto-servitje-sendra-legado-de-liderazgo-humano-en-grupo-bimbo\\\/\",\"name\":\"Qui\u00e9n fue Roberto Servitje Sendra: legado de liderazgo humano en Grupo Bimbo - B2V Media\",\"isPartOf\":{\"@id\":\"https:\\\/\\\/b2v.mx\\\/media\\\/#website\"},\"primaryImageOfPage\":{\"@id\":\"https:\\\/\\\/b2v.mx\\\/media\\\/quien-fue-roberto-servitje-sendra-legado-de-liderazgo-humano-en-grupo-bimbo\\\/#primaryimage\"},\"image\":{\"@id\":\"https:\\\/\\\/b2v.mx\\\/media\\\/quien-fue-roberto-servitje-sendra-legado-de-liderazgo-humano-en-grupo-bimbo\\\/#primaryimage\"},\"thumbnailUrl\":\"https:\\\/\\\/b2v.mx\\\/media\\\/wp-content\\\/uploads\\\/2025\\\/07\\\/descarga.jpeg\",\"datePublished\":\"2025-07-18T21:54:00+00:00\",\"description\":\"Conoce el legado de Roberto Servitje Sendra y el liderazgo humano que lo distingui\u00f3 en el contexto empresarial.\",\"inLanguage\":\"es\",\"potentialAction\":[{\"@type\":\"ReadAction\",\"target\":[\"https:\\\/\\\/b2v.mx\\\/media\\\/quien-fue-roberto-servitje-sendra-legado-de-liderazgo-humano-en-grupo-bimbo\\\/\"]}]},{\"@type\":\"ImageObject\",\"inLanguage\":\"es\",\"@id\":\"https:\\\/\\\/b2v.mx\\\/media\\\/quien-fue-roberto-servitje-sendra-legado-de-liderazgo-humano-en-grupo-bimbo\\\/#primaryimage\",\"url\":\"https:\\\/\\\/b2v.mx\\\/media\\\/wp-content\\\/uploads\\\/2025\\\/07\\\/descarga.jpeg\",\"contentUrl\":\"https:\\\/\\\/b2v.mx\\\/media\\\/wp-content\\\/uploads\\\/2025\\\/07\\\/descarga.jpeg\",\"width\":309,\"height\":163,\"caption\":\"Roberto Servitje\"},{\"@type\":\"WebSite\",\"@id\":\"https:\\\/\\\/b2v.mx\\\/media\\\/#website\",\"url\":\"https:\\\/\\\/b2v.mx\\\/media\\\/\",\"name\":\"B2V Media\",\"description\":\"Sitio de Contenidos de Negocios\",\"publisher\":{\"@id\":\"https:\\\/\\\/b2v.mx\\\/media\\\/#organization\"},\"alternateName\":\"B2V MX\",\"potentialAction\":[{\"@type\":\"SearchAction\",\"target\":{\"@type\":\"EntryPoint\",\"urlTemplate\":\"https:\\\/\\\/b2v.mx\\\/media\\\/?s={search_term_string}\"},\"query-input\":{\"@type\":\"PropertyValueSpecification\",\"valueRequired\":true,\"valueName\":\"search_term_string\"}}],\"inLanguage\":\"es\"},{\"@type\":\"Organization\",\"@id\":\"https:\\\/\\\/b2v.mx\\\/media\\\/#organization\",\"name\":\"B2V Media\",\"alternateName\":\"B2V MX\",\"url\":\"https:\\\/\\\/b2v.mx\\\/media\\\/\",\"logo\":{\"@type\":\"ImageObject\",\"inLanguage\":\"es\",\"@id\":\"https:\\\/\\\/b2v.mx\\\/media\\\/#\\\/schema\\\/logo\\\/image\\\/\",\"url\":\"https:\\\/\\\/b2v.mx\\\/media\\\/wp-content\\\/uploads\\\/2023\\\/01\\\/cropped-Logos_Mesa-de-trabajo-1-e1754716517695.png\",\"contentUrl\":\"https:\\\/\\\/b2v.mx\\\/media\\\/wp-content\\\/uploads\\\/2023\\\/01\\\/cropped-Logos_Mesa-de-trabajo-1-e1754716517695.png\",\"width\":250,\"height\":151,\"caption\":\"B2V Media\"},\"image\":{\"@id\":\"https:\\\/\\\/b2v.mx\\\/media\\\/#\\\/schema\\\/logo\\\/image\\\/\"},\"sameAs\":[\"https:\\\/\\\/www.facebook.com\\\/b2vmx\",\"https:\\\/\\\/x.com\\\/b2v_mx\",\"https:\\\/\\\/www.instagram.com\\\/b2vmx\\\/\",\"https:\\\/\\\/linkedin.com\\\/business\\\/b2vmx\"]},{\"@type\":\"Person\",\"@id\":\"https:\\\/\\\/b2v.mx\\\/media\\\/#\\\/schema\\\/person\\\/fdeb859d1bdda9c8d2c94c76f1da9dd9\",\"name\":\"Andrea V\u00e1zquez Azp\u00edroz\",\"image\":{\"@type\":\"ImageObject\",\"inLanguage\":\"es\",\"@id\":\"https:\\\/\\\/secure.gravatar.com\\\/avatar\\\/59c147bb05cf879345a7243fd4d7c9c3ae878ebb3a2c1e59e584d824e2d9771a?s=96&d=mm&r=g\",\"url\":\"https:\\\/\\\/secure.gravatar.com\\\/avatar\\\/59c147bb05cf879345a7243fd4d7c9c3ae878ebb3a2c1e59e584d824e2d9771a?s=96&d=mm&r=g\",\"contentUrl\":\"https:\\\/\\\/secure.gravatar.com\\\/avatar\\\/59c147bb05cf879345a7243fd4d7c9c3ae878ebb3a2c1e59e584d824e2d9771a?s=96&d=mm&r=g\",\"caption\":\"Andrea V\u00e1zquez Azp\u00edroz\"},\"url\":\"https:\\\/\\\/b2v.mx\\\/media\\\/author\\\/avazquez\\\/\"}]}<\/script>\n<!-- \/ Yoast SEO plugin. -->","yoast_head_json":{"title":"Qui\u00e9n fue Roberto Servitje Sendra: legado de liderazgo humano en Grupo Bimbo - B2V Media","description":"Conoce el legado de Roberto Servitje Sendra y el liderazgo humano que lo distingui\u00f3 en el contexto empresarial.","robots":{"index":"index","follow":"follow","max-snippet":"max-snippet:-1","max-image-preview":"max-image-preview:large","max-video-preview":"max-video-preview:-1"},"canonical":"https:\/\/b2v.mx\/media\/quien-fue-roberto-servitje-sendra-legado-de-liderazgo-humano-en-grupo-bimbo\/","og_locale":"es_ES","og_type":"article","og_title":"Qui\u00e9n fue Roberto Servitje Sendra: legado de liderazgo humano en Grupo Bimbo - B2V Media","og_description":"Conoce el legado de Roberto Servitje Sendra y el liderazgo humano que lo distingui\u00f3 en el contexto empresarial.","og_url":"https:\/\/b2v.mx\/media\/quien-fue-roberto-servitje-sendra-legado-de-liderazgo-humano-en-grupo-bimbo\/","og_site_name":"B2V Media","article_publisher":"https:\/\/www.facebook.com\/b2vmx","article_published_time":"2025-07-18T21:54:00+00:00","og_image":[{"width":309,"height":163,"url":"https:\/\/b2v.mx\/media\/wp-content\/uploads\/2025\/07\/descarga.jpeg","type":"image\/jpeg"}],"author":"Andrea V\u00e1zquez Azp\u00edroz","twitter_card":"summary_large_image","twitter_creator":"@b2v_mx","twitter_site":"@b2v_mx","twitter_misc":{"Escrito por":"Andrea V\u00e1zquez Azp\u00edroz","Tiempo de lectura":"4 minutos"},"schema":{"@context":"https:\/\/schema.org","@graph":[{"@type":"Article","@id":"https:\/\/b2v.mx\/media\/quien-fue-roberto-servitje-sendra-legado-de-liderazgo-humano-en-grupo-bimbo\/#article","isPartOf":{"@id":"https:\/\/b2v.mx\/media\/quien-fue-roberto-servitje-sendra-legado-de-liderazgo-humano-en-grupo-bimbo\/"},"author":{"name":"Andrea V\u00e1zquez Azp\u00edroz","@id":"https:\/\/b2v.mx\/media\/#\/schema\/person\/fdeb859d1bdda9c8d2c94c76f1da9dd9"},"headline":"Qui\u00e9n fue Roberto Servitje Sendra: legado de liderazgo humano en Grupo Bimbo","datePublished":"2025-07-18T21:54:00+00:00","mainEntityOfPage":{"@id":"https:\/\/b2v.mx\/media\/quien-fue-roberto-servitje-sendra-legado-de-liderazgo-humano-en-grupo-bimbo\/"},"wordCount":627,"commentCount":0,"publisher":{"@id":"https:\/\/b2v.mx\/media\/#organization"},"image":{"@id":"https:\/\/b2v.mx\/media\/quien-fue-roberto-servitje-sendra-legado-de-liderazgo-humano-en-grupo-bimbo\/#primaryimage"},"thumbnailUrl":"https:\/\/b2v.mx\/media\/wp-content\/uploads\/2025\/07\/descarga.jpeg","keywords":["roberto servitje"],"articleSection":["Negocios","Portada"],"inLanguage":"es","potentialAction":[{"@type":"CommentAction","name":"Comment","target":["https:\/\/b2v.mx\/media\/quien-fue-roberto-servitje-sendra-legado-de-liderazgo-humano-en-grupo-bimbo\/#respond"]}]},{"@type":"WebPage","@id":"https:\/\/b2v.mx\/media\/quien-fue-roberto-servitje-sendra-legado-de-liderazgo-humano-en-grupo-bimbo\/","url":"https:\/\/b2v.mx\/media\/quien-fue-roberto-servitje-sendra-legado-de-liderazgo-humano-en-grupo-bimbo\/","name":"Qui\u00e9n fue Roberto Servitje Sendra: legado de liderazgo humano en Grupo Bimbo - B2V Media","isPartOf":{"@id":"https:\/\/b2v.mx\/media\/#website"},"primaryImageOfPage":{"@id":"https:\/\/b2v.mx\/media\/quien-fue-roberto-servitje-sendra-legado-de-liderazgo-humano-en-grupo-bimbo\/#primaryimage"},"image":{"@id":"https:\/\/b2v.mx\/media\/quien-fue-roberto-servitje-sendra-legado-de-liderazgo-humano-en-grupo-bimbo\/#primaryimage"},"thumbnailUrl":"https:\/\/b2v.mx\/media\/wp-content\/uploads\/2025\/07\/descarga.jpeg","datePublished":"2025-07-18T21:54:00+00:00","description":"Conoce el legado de Roberto Servitje Sendra y el liderazgo humano que lo distingui\u00f3 en el contexto empresarial.","inLanguage":"es","potentialAction":[{"@type":"ReadAction","target":["https:\/\/b2v.mx\/media\/quien-fue-roberto-servitje-sendra-legado-de-liderazgo-humano-en-grupo-bimbo\/"]}]},{"@type":"ImageObject","inLanguage":"es","@id":"https:\/\/b2v.mx\/media\/quien-fue-roberto-servitje-sendra-legado-de-liderazgo-humano-en-grupo-bimbo\/#primaryimage","url":"https:\/\/b2v.mx\/media\/wp-content\/uploads\/2025\/07\/descarga.jpeg","contentUrl":"https:\/\/b2v.mx\/media\/wp-content\/uploads\/2025\/07\/descarga.jpeg","width":309,"height":163,"caption":"Roberto Servitje"},{"@type":"WebSite","@id":"https:\/\/b2v.mx\/media\/#website","url":"https:\/\/b2v.mx\/media\/","name":"B2V Media","description":"Sitio de Contenidos de Negocios","publisher":{"@id":"https:\/\/b2v.mx\/media\/#organization"},"alternateName":"B2V MX","potentialAction":[{"@type":"SearchAction","target":{"@type":"EntryPoint","urlTemplate":"https:\/\/b2v.mx\/media\/?s={search_term_string}"},"query-input":{"@type":"PropertyValueSpecification","valueRequired":true,"valueName":"search_term_string"}}],"inLanguage":"es"},{"@type":"Organization","@id":"https:\/\/b2v.mx\/media\/#organization","name":"B2V Media","alternateName":"B2V MX","url":"https:\/\/b2v.mx\/media\/","logo":{"@type":"ImageObject","inLanguage":"es","@id":"https:\/\/b2v.mx\/media\/#\/schema\/logo\/image\/","url":"https:\/\/b2v.mx\/media\/wp-content\/uploads\/2023\/01\/cropped-Logos_Mesa-de-trabajo-1-e1754716517695.png","contentUrl":"https:\/\/b2v.mx\/media\/wp-content\/uploads\/2023\/01\/cropped-Logos_Mesa-de-trabajo-1-e1754716517695.png","width":250,"height":151,"caption":"B2V Media"},"image":{"@id":"https:\/\/b2v.mx\/media\/#\/schema\/logo\/image\/"},"sameAs":["https:\/\/www.facebook.com\/b2vmx","https:\/\/x.com\/b2v_mx","https:\/\/www.instagram.com\/b2vmx\/","https:\/\/linkedin.com\/business\/b2vmx"]},{"@type":"Person","@id":"https:\/\/b2v.mx\/media\/#\/schema\/person\/fdeb859d1bdda9c8d2c94c76f1da9dd9","name":"Andrea V\u00e1zquez Azp\u00edroz","image":{"@type":"ImageObject","inLanguage":"es","@id":"https:\/\/secure.gravatar.com\/avatar\/59c147bb05cf879345a7243fd4d7c9c3ae878ebb3a2c1e59e584d824e2d9771a?s=96&d=mm&r=g","url":"https:\/\/secure.gravatar.com\/avatar\/59c147bb05cf879345a7243fd4d7c9c3ae878ebb3a2c1e59e584d824e2d9771a?s=96&d=mm&r=g","contentUrl":"https:\/\/secure.gravatar.com\/avatar\/59c147bb05cf879345a7243fd4d7c9c3ae878ebb3a2c1e59e584d824e2d9771a?s=96&d=mm&r=g","caption":"Andrea V\u00e1zquez Azp\u00edroz"},"url":"https:\/\/b2v.mx\/media\/author\/avazquez\/"}]}},"_links":{"self":[{"href":"https:\/\/b2v.mx\/media\/wp-json\/wp\/v2\/posts\/9092","targetHints":{"allow":["GET"]}}],"collection":[{"href":"https:\/\/b2v.mx\/media\/wp-json\/wp\/v2\/posts"}],"about":[{"href":"https:\/\/b2v.mx\/media\/wp-json\/wp\/v2\/types\/post"}],"author":[{"embeddable":true,"href":"https:\/\/b2v.mx\/media\/wp-json\/wp\/v2\/users\/10"}],"replies":[{"embeddable":true,"href":"https:\/\/b2v.mx\/media\/wp-json\/wp\/v2\/comments?post=9092"}],"version-history":[{"count":1,"href":"https:\/\/b2v.mx\/media\/wp-json\/wp\/v2\/posts\/9092\/revisions"}],"predecessor-version":[{"id":9096,"href":"https:\/\/b2v.mx\/media\/wp-json\/wp\/v2\/posts\/9092\/revisions\/9096"}],"wp:featuredmedia":[{"embeddable":true,"href":"https:\/\/b2v.mx\/media\/wp-json\/wp\/v2\/media\/9095"}],"wp:attachment":[{"href":"https:\/\/b2v.mx\/media\/wp-json\/wp\/v2\/media?parent=9092"}],"wp:term":[{"taxonomy":"category","embeddable":true,"href":"https:\/\/b2v.mx\/media\/wp-json\/wp\/v2\/categories?post=9092"},{"taxonomy":"post_tag","embeddable":true,"href":"https:\/\/b2v.mx\/media\/wp-json\/wp\/v2\/tags?post=9092"}],"curies":[{"name":"wp","href":"https:\/\/api.w.org\/{rel}","templated":true}]}}