{"id":9516,"date":"2025-11-03T11:13:14","date_gmt":"2025-11-03T17:13:14","guid":{"rendered":"https:\/\/b2v.mx\/media\/?p=9516"},"modified":"2025-11-03T13:08:56","modified_gmt":"2025-11-03T19:08:56","slug":"mexico-se-convierte-en-la-capital-global-del-liderazgo-femenino-en-el-women-economic-forum-2025","status":"publish","type":"post","link":"https:\/\/b2v.mx\/media\/mexico-se-convierte-en-la-capital-global-del-liderazgo-femenino-en-el-women-economic-forum-2025\/","title":{"rendered":"M\u00e9xico se convierte en la capital global del liderazgo femenino en el Women Economic Forum 2025"},"content":{"rendered":"\n<p>En una contundente declaraci\u00f3n de su creciente influencia global, la Ciudad de M\u00e9xico se erigi\u00f3 como la capital mundial del liderazgo femenino al albergar el Women Economic Forum Global 2025. M\u00e1s de 500 l\u00edderes de 40 pa\u00edses se dieron cita bajo el lema \u00abVoces de Impacto: creando comunidades sostenibles\u00bb, no solo para dialogar, sino para trazar una agenda de acci\u00f3n econ\u00f3mica y social.<\/p>\n\n\n\n<div class=\"wp-block-essential-blocks-advanced-heading  root-eb-advance-heading-y46ms\"><div class=\"eb-parent-wrapper eb-parent-eb-advance-heading-y46ms \"><div class=\"eb-advance-heading-wrapper eb-advance-heading-y46ms button-1 undefined\" data-id=\"eb-advance-heading-y46ms\"><h2 class=\"eb-ah-title\"><span class=\"first-title\">Un epicentro para el cambio<\/span><\/h2><\/div><\/div><\/div>\n\n\n\n<p>Por primera vez en su historia, M\u00e9xico fue anfitri\u00f3n de la edici\u00f3n global del Women Economic Forum, un movimiento estrat\u00e9gico que posiciona al pa\u00eds como un centro neur\u00e1lgico para el di\u00e1logo sobre equidad, sostenibilidad e innovaci\u00f3n a escala mundial. M\u00e1s all\u00e1 de ser un evento, el foro se consolid\u00f3 como una plataforma de acci\u00f3n dise\u00f1ada para catalizar el cambio en los sectores p\u00fablico y privado.<\/p>\n\n\n\n<figure class=\"wp-block-image size-large\"><img fetchpriority=\"high\" decoding=\"async\" width=\"1024\" height=\"683\" src=\"https:\/\/b2v.mx\/media\/wp-content\/uploads\/2025\/11\/033A0592-1024x683.jpg\" alt=\"\" class=\"wp-image-9518\" srcset=\"https:\/\/b2v.mx\/media\/wp-content\/uploads\/2025\/11\/033A0592-1024x683.jpg 1024w, https:\/\/b2v.mx\/media\/wp-content\/uploads\/2025\/11\/033A0592-300x200.jpg 300w, https:\/\/b2v.mx\/media\/wp-content\/uploads\/2025\/11\/033A0592-768x512.jpg 768w, https:\/\/b2v.mx\/media\/wp-content\/uploads\/2025\/11\/033A0592-1536x1024.jpg 1536w, https:\/\/b2v.mx\/media\/wp-content\/uploads\/2025\/11\/033A0592-2048x1365.jpg 2048w\" sizes=\"(max-width: 1024px) 100vw, 1024px\" \/><\/figure>\n\n\n\n<p>El objetivo central de este foro mixto fue amplificar las voces de las mujeres en \u00e1mbitos tan diversos como los negocios, las pol\u00edticas p\u00fablicas, la ciencia, la cultura y las artes. La meta es clara: influir de manera decisiva en la econom\u00eda y promover un mundo m\u00e1s inclusivo, abordando temas estrat\u00e9gicos como la equidad salarial, la inclusi\u00f3n financiera y el combate a la pobreza desde una perspectiva de g\u00e9nero.<\/p>\n\n\n\n<p><strong><em>Te puede interesar: <a href=\"https:\/\/b2v.mx\/media\/foro-mx-innovacion-energetica-el-presente-no-espera\/\">Foro MX Innovaci\u00f3n Energ\u00e9tica: el presente no espera<\/a><\/em><\/strong><\/p>\n\n\n\n<p>Michelle Ferrari, Presidenta del WEF Iberoam\u00e9rica, subray\u00f3 la relevancia econ\u00f3mica de este enfoque en el contexto nacional con una declaraci\u00f3n contundente:<\/p>\n\n\n\n<p><em>\u00abEn M\u00e9xico, las mujeres representamos m\u00e1s de 52% de la poblaci\u00f3n y contribuimos con cerca de 37% del PIB nacional. La equidad no es solo una meta social, es una estrategia inteligente de desarrollo y equidad\u201d<\/em>.<\/p>\n\n\n\n<p>Esta visi\u00f3n general fue dada de voz y direcci\u00f3n por figuras clave cuyas intervenciones estrat\u00e9gicas marcaron la agenda de todo el foro.<\/p>\n\n\n\n<div class=\"wp-block-essential-blocks-advanced-heading  root-eb-advance-heading-xtmix\"><div class=\"eb-parent-wrapper eb-parent-eb-advance-heading-xtmix \"><div class=\"eb-advance-heading-wrapper eb-advance-heading-xtmix button-1 undefined\" data-id=\"eb-advance-heading-xtmix\"><h2 class=\"eb-ah-title\"><span class=\"first-title\">Las voces del liderazgo: de la estrategia a la transformaci\u00f3n<\/span><\/h2><\/div><\/div><\/div>\n\n\n\n<p>M\u00e1s all\u00e1 de los paneles de discusi\u00f3n, las intervenciones de figuras clave definieron la agenda y el tono del foro, sentando las bases para una transformaci\u00f3n tangible. Sus discursos no solo inspiraron, sino que tambi\u00e9n delinearon las estrategias para materializar los objetivos del encuentro.<\/p>\n\n\n\n<figure class=\"wp-block-image size-large\"><img decoding=\"async\" width=\"1024\" height=\"683\" src=\"https:\/\/b2v.mx\/media\/wp-content\/uploads\/2025\/11\/033A0600-1024x683.jpg\" alt=\"\" class=\"wp-image-9519\" srcset=\"https:\/\/b2v.mx\/media\/wp-content\/uploads\/2025\/11\/033A0600-1024x683.jpg 1024w, https:\/\/b2v.mx\/media\/wp-content\/uploads\/2025\/11\/033A0600-300x200.jpg 300w, https:\/\/b2v.mx\/media\/wp-content\/uploads\/2025\/11\/033A0600-768x512.jpg 768w, https:\/\/b2v.mx\/media\/wp-content\/uploads\/2025\/11\/033A0600-1536x1024.jpg 1536w, https:\/\/b2v.mx\/media\/wp-content\/uploads\/2025\/11\/033A0600-2048x1365.jpg 2048w\" sizes=\"(max-width: 1024px) 100vw, 1024px\" \/><\/figure>\n\n\n\n<p>Por su parte, Carlos Herrero, vicepresidente del WEF Iberoam\u00e9rica, enfatiz\u00f3 el prop\u00f3sito transformador del evento. Al describir el foro como\u00a0<em>\u00abla llave que abre la puerta de los grandes principios de la inclusi\u00f3n y la diversidad\u00bb<\/em>, dej\u00f3 claro que no se trataba de\u00a0<em>\u00abuna edici\u00f3n m\u00e1s\u00bb<\/em>. Este encuadre estrat\u00e9gico posicion\u00f3 al WEF Global no como una conferencia pasiva, sino como una intervenci\u00f3n activa dise\u00f1ada para una\u00a0<em>\u00abinnovaci\u00f3n que transforma personas, instituciones y estructuras\u00bb<\/em>, moviendo el foco del di\u00e1logo al cambio sist\u00e9mico.<\/p>\n\n\n\n<p><strong><em>Te puede interesar: <a href=\"https:\/\/b2v.mx\/media\/wp-content\/uploads\/2023\/03\/25-mujeres-ciencia-3M.jpg\">25 mujeres ciencia 3M<\/a><\/em><\/strong><\/p>\n\n\n\n<p>La amplitud de esta visi\u00f3n se reflej\u00f3 en los m\u00e1s de 25 paneles que abordaron temas cruciales como la\u00a0<strong>Inteligencia Artificial<\/strong>, la\u00a0<strong>equidad salarial<\/strong>, el\u00a0<strong>liderazgo clim\u00e1tico<\/strong>\u00a0y las\u00a0<strong>nuevas econom\u00edas<\/strong>. El foro demostr\u00f3 que transformar las estructuras requiere m\u00e1s que nuevas pol\u00edticas; exige una nueva imaginaci\u00f3n, que se exhibi\u00f3 poderosamente a trav\u00e9s de fusiones innovadoras de arte, ciencia y estrategia.<\/p>\n\n\n\n<div class=\"wp-block-essential-blocks-advanced-heading  root-eb-advance-heading-vl1u3\"><div class=\"eb-parent-wrapper eb-parent-eb-advance-heading-vl1u3 \"><div class=\"eb-advance-heading-wrapper eb-advance-heading-vl1u3 button-1 undefined\" data-id=\"eb-advance-heading-vl1u3\"><h2 class=\"eb-ah-title\"><span class=\"first-title\">Innovaci\u00f3n en escena: del ajedrez estrat\u00e9gico a la biomedicina<\/span><\/h2><\/div><\/div><\/div>\n\n\n\n<p>El WEF Global 2025 trascendi\u00f3 los formatos tradicionales al integrar expresiones art\u00edsticas y cient\u00edficas para comunicar sus mensajes. Dos ejemplos paradigm\u00e1ticos demostraron c\u00f3mo la innovaci\u00f3n fue un pilar del evento.<\/p>\n\n\n\n<figure class=\"wp-block-image size-large\"><img decoding=\"async\" width=\"1024\" height=\"683\" src=\"https:\/\/b2v.mx\/media\/wp-content\/uploads\/2025\/11\/033A0603-1024x683.jpg\" alt=\"\" class=\"wp-image-9520\" srcset=\"https:\/\/b2v.mx\/media\/wp-content\/uploads\/2025\/11\/033A0603-1024x683.jpg 1024w, https:\/\/b2v.mx\/media\/wp-content\/uploads\/2025\/11\/033A0603-300x200.jpg 300w, https:\/\/b2v.mx\/media\/wp-content\/uploads\/2025\/11\/033A0603-768x512.jpg 768w, https:\/\/b2v.mx\/media\/wp-content\/uploads\/2025\/11\/033A0603-1536x1024.jpg 1536w, https:\/\/b2v.mx\/media\/wp-content\/uploads\/2025\/11\/033A0603-2048x1365.jpg 2048w\" sizes=\"(max-width: 1024px) 100vw, 1024px\" \/><\/figure>\n\n\n\n<p>Primero, el performance audiovisual&nbsp;<em>Queen Trap<\/em>, de la artista conceptual chilena Juga, cautiv\u00f3 a la audiencia. La obra uni\u00f3 ajedrez, m\u00fasica y liderazgo femenino en una partida rel\u00e1mpago jugada por las maestras mexicanas&nbsp;<strong>Ivette Garc\u00eda Morales<\/strong>&nbsp;y&nbsp;<strong>Alondra Bagatella Avalos<\/strong>, quien con solo&nbsp;<strong>10 a\u00f1os<\/strong>&nbsp;\u00abse encuentra en la cima del ajedrez mundial\u00bb. Su participaci\u00f3n transform\u00f3 la pieza en una poderosa met\u00e1fora sobre el poder femenino emergente. En palabras de su creadora:<\/p>\n\n\n\n<p><em>\u201cEs inspirador c\u00f3mo en el ajedrez, un pe\u00f3n puede superar la adversidad y convertirse en reina&#8230; Esta pieza art\u00edstica es un tributo a todas esas mujeres que, paso a paso y en colaboraci\u00f3n, se convierten en l\u00edderes de sus propios destinos.\u201d<\/em><\/p>\n\n\n\n<p><strong><em>Te puede interesar: <a href=\"https:\/\/b2v.mx\/media\/wp-content\/uploads\/2023\/10\/CAAAREM-y-Tamulipas-promueven-nearshoring.png\">CAAAREM y Tamulipas promueven nearshoring<\/a><\/em><\/strong><\/p>\n\n\n\n<p>En el \u00e1mbito cient\u00edfico, el laboratorio mexicano\u00a0<strong>Timser<\/strong>, liderado por\u00a0<strong>Mercedes Guti\u00e9rrez Smith y Teresa Smith<\/strong>, recibi\u00f3 el prestigioso reconocimiento\u00a0<strong>\u00abIconic Company Creating a Better World for All\u00bb<\/strong>. El galard\u00f3n celebr\u00f3 su desarrollo\u00a0<strong>Preventix<\/strong>, una innovadora prueba que detecta riesgos de c\u00e1ncer cervicouterino. Este logro no solo representa un avance crucial para la equidad en la salud, sino que tambi\u00e9n posiciona a M\u00e9xico en el mapa global de la biomedicina gracias al liderazgo de sus fundadoras.<\/p>\n\n\n\n<figure class=\"wp-block-image size-large\"><img loading=\"lazy\" decoding=\"async\" width=\"1024\" height=\"768\" src=\"https:\/\/b2v.mx\/media\/wp-content\/uploads\/2025\/11\/IMG_5839-1-1024x768.jpg\" alt=\"\" class=\"wp-image-9521\" srcset=\"https:\/\/b2v.mx\/media\/wp-content\/uploads\/2025\/11\/IMG_5839-1-1024x768.jpg 1024w, https:\/\/b2v.mx\/media\/wp-content\/uploads\/2025\/11\/IMG_5839-1-300x225.jpg 300w, https:\/\/b2v.mx\/media\/wp-content\/uploads\/2025\/11\/IMG_5839-1-768x576.jpg 768w, https:\/\/b2v.mx\/media\/wp-content\/uploads\/2025\/11\/IMG_5839-1-1536x1152.jpg 1536w, https:\/\/b2v.mx\/media\/wp-content\/uploads\/2025\/11\/IMG_5839-1-2048x1536.jpg 2048w\" sizes=\"(max-width: 1024px) 100vw, 1024px\" \/><\/figure>\n\n\n\n<p>Mientras estas exhibiciones innovadoras apuntaban al futuro del liderazgo, la ceremonia principal del foro honr\u00f3 a las mujeres que ya son sus arquitectas, anclando ideas visionarias en un impacto tangible y real.<\/p>\n\n\n\n<div class=\"wp-block-essential-blocks-advanced-heading  root-eb-advance-heading-hi819\"><div class=\"eb-parent-wrapper eb-parent-eb-advance-heading-hi819 \"><div class=\"eb-advance-heading-wrapper eb-advance-heading-hi819 button-1 undefined\" data-id=\"eb-advance-heading-hi819\"><h2 class=\"eb-ah-title\"><span class=\"first-title\">Homenaje a las mujeres que transforman el presente<\/span><\/h2><\/div><\/div><\/div>\n\n\n\n<p>La Ceremonia de Reconocimientos fue mucho m\u00e1s que una gala; fue una declaraci\u00f3n de los valores del foro. Al visibilizar a mujeres que generan cambios tangibles en sectores diversos, el WEF subray\u00f3 que el liderazgo se mide por el impacto real en la sociedad y la econom\u00eda.<\/p>\n\n\n\n<p>A continuaci\u00f3n, se destacan cinco de las l\u00edderes homenajeadas, cuyo trabajo ilustra la diversidad y profundidad del liderazgo femenino actual:<\/p>\n\n\n\n<figure class=\"wp-block-table\"><table class=\"has-fixed-layout\"><tbody><tr><td>L\u00edder <\/td><td>\u00c1rea de impacto estrat\u00e9gico<\/td><\/tr><tr><td><strong>Olga Lim\u00f3n, CEO de Casa Cuervo<\/strong><\/td><td>Visi\u00f3n empresarial que integra sostenibilidad e innovaci\u00f3n<\/td><\/tr><tr><td><strong>Mar\u00eda del Carmen Alan\u00eds Figueroa<\/strong><\/td><td>Magistrada del Tribunal Electoral del Poder Judicial.<\/td><\/tr><tr><td><strong>Tamara Caballero, CEO de Multiva<\/strong><\/td><td>Promoci\u00f3n de la innovaci\u00f3n y la participaci\u00f3n femenina en el sector financiero.<\/td><\/tr><tr><td><strong>Gema Sacrist\u00e1n, Deloitte Americas<\/strong><\/td><td>Impulso a las finanzas sostenibles y la acci\u00f3n clim\u00e1tica con enfoque inclusivo.<\/td><\/tr><tr><td><strong>Patricia Rosalinda Trujillo<\/strong><\/td><td>Comisionada de la Guardia Nacional.<\/td><\/tr><\/tbody><\/table><\/figure>\n\n\n\n<figure class=\"wp-block-image size-large\"><img loading=\"lazy\" decoding=\"async\" width=\"1024\" height=\"683\" src=\"https:\/\/b2v.mx\/media\/wp-content\/uploads\/2025\/11\/033A0592-1-1024x683.jpg\" alt=\"\" class=\"wp-image-9522\" srcset=\"https:\/\/b2v.mx\/media\/wp-content\/uploads\/2025\/11\/033A0592-1-1024x683.jpg 1024w, https:\/\/b2v.mx\/media\/wp-content\/uploads\/2025\/11\/033A0592-1-300x200.jpg 300w, https:\/\/b2v.mx\/media\/wp-content\/uploads\/2025\/11\/033A0592-1-768x512.jpg 768w, https:\/\/b2v.mx\/media\/wp-content\/uploads\/2025\/11\/033A0592-1-1536x1024.jpg 1536w, https:\/\/b2v.mx\/media\/wp-content\/uploads\/2025\/11\/033A0592-1-2048x1365.jpg 2048w\" sizes=\"(max-width: 1024px) 100vw, 1024px\" \/><\/figure>\n\n\n\n<p>La selecci\u00f3n de las homenajeadas revela una definici\u00f3n clara del liderazgo promovido por el WEF: no se limita a la alta direcci\u00f3n corporativa, sino que se demuestra por igual en el poder judicial, la seguridad p\u00fablica y las finanzas sostenibles. El hilo conductor no es solo el \u00e9xito, sino la aplicaci\u00f3n deliberada de ese \u00e9xito para forjar sistemas m\u00e1s equitativos e innovadores. Para resaltar el alcance internacional del evento, se otorg\u00f3 el reconocimiento especial\u00a0<strong>\u00abExceptional Women of Excellence\u00bb<\/strong>\u00a0a\u00a0<strong>Asma Chaabi<\/strong>\u00a0de Marruecos.<\/p>\n\n\n\n<p><strong><em>Te puede interesar: <a href=\"https:\/\/b2v.mx\/media\/como-el-minimalismo-gana-espacio-en-hogares-mexicanos\/\">C\u00f3mo el minimalismo gana espacio en hogares mexicanos<\/a><\/em><\/strong><\/p>\n\n\n\n<p>Al celebrar a estas mujeres, el foro no solo aplaudi\u00f3 logros pasados, sino que consolid\u00f3 una red de acci\u00f3n para el futuro. El Women Economic Forum Global 2025 no fue un evento aislado, sino la consolidaci\u00f3n de un movimiento. Al elegir a M\u00e9xico como su sede, el foro reafirm\u00f3 al pa\u00eds como un epicentro para el liderazgo femenino y la acci\u00f3n colaborativa hacia un mundo m\u00e1s equitativo, innovador y sostenible.<\/p>\n\n\n\n<figure class=\"wp-block-image size-large\"><img loading=\"lazy\" decoding=\"async\" width=\"1024\" height=\"683\" src=\"https:\/\/b2v.mx\/media\/wp-content\/uploads\/2025\/11\/033A0751-1024x683.jpg\" alt=\"\" class=\"wp-image-9523\" srcset=\"https:\/\/b2v.mx\/media\/wp-content\/uploads\/2025\/11\/033A0751-1024x683.jpg 1024w, https:\/\/b2v.mx\/media\/wp-content\/uploads\/2025\/11\/033A0751-300x200.jpg 300w, https:\/\/b2v.mx\/media\/wp-content\/uploads\/2025\/11\/033A0751-768x512.jpg 768w, https:\/\/b2v.mx\/media\/wp-content\/uploads\/2025\/11\/033A0751-1536x1024.jpg 1536w, https:\/\/b2v.mx\/media\/wp-content\/uploads\/2025\/11\/033A0751-2048x1365.jpg 2048w\" sizes=\"(max-width: 1024px) 100vw, 1024px\" \/><\/figure>\n\n\n\n<p>Las alianzas estrat\u00e9gicas y las redes forjadas durante estos d\u00edas han sentado las bases para un impacto duradero. El WEF Global 2025 deja una lecci\u00f3n clara: el futuro de la econom\u00eda global se est\u00e1 escribiendo con nuevas voces. Las que resonaron en M\u00e9xico no son un eco, sino el pr\u00f3logo de una transformaci\u00f3n que ya est\u00e1 en marcha.<\/p>\n\n\n\n<p><\/p>\n","protected":false},"excerpt":{"rendered":"<p>M\u00e9xico se consolida como capital global del liderazgo femenino al recibir el Women Economic Forum 2025, un encuentro clave.<\/p>\n","protected":false},"author":10,"featured_media":9524,"comment_status":"open","ping_status":"open","sticky":false,"template":"","format":"standard","meta":{"_eb_attr":"","_monsterinsights_skip_tracking":false,"_monsterinsights_sitenote_active":false,"_monsterinsights_sitenote_note":"","_monsterinsights_sitenote_category":0,"site-sidebar-layout":"default","site-content-layout":"","ast-site-content-layout":"default","site-content-style":"default","site-sidebar-style":"default","ast-global-header-display":"","ast-banner-title-visibility":"","ast-main-header-display":"","ast-hfb-above-header-display":"","ast-hfb-below-header-display":"","ast-hfb-mobile-header-display":"","site-post-title":"","ast-breadcrumbs-content":"","ast-featured-img":"","footer-sml-layout":"","theme-transparent-header-meta":"","adv-header-id-meta":"","stick-header-meta":"","header-above-stick-meta":"","header-main-stick-meta":"","header-below-stick-meta":"","astra-migrate-meta-layouts":"set","ast-page-background-enabled":"default","ast-page-background-meta":{"desktop":{"background-color":"","background-image":"","background-repeat":"repeat","background-position":"center center","background-size":"auto","background-attachment":"scroll","background-type":"","background-media":"","overlay-type":"","overlay-color":"","overlay-opacity":"","overlay-gradient":""},"tablet":{"background-color":"","background-image":"","background-repeat":"repeat","background-position":"center center","background-size":"auto","background-attachment":"scroll","background-type":"","background-media":"","overlay-type":"","overlay-color":"","overlay-opacity":"","overlay-gradient":""},"mobile":{"background-color":"","background-image":"","background-repeat":"repeat","background-position":"center center","background-size":"auto","background-attachment":"scroll","background-type":"","background-media":"","overlay-type":"","overlay-color":"","overlay-opacity":"","overlay-gradient":""}},"ast-content-background-meta":{"desktop":{"background-color":"var(--ast-global-color-5)","background-image":"","background-repeat":"repeat","background-position":"center center","background-size":"auto","background-attachment":"scroll","background-type":"","background-media":"","overlay-type":"","overlay-color":"","overlay-opacity":"","overlay-gradient":""},"tablet":{"background-color":"var(--ast-global-color-5)","background-image":"","background-repeat":"repeat","background-position":"center center","background-size":"auto","background-attachment":"scroll","background-type":"","background-media":"","overlay-type":"","overlay-color":"","overlay-opacity":"","overlay-gradient":""},"mobile":{"background-color":"var(--ast-global-color-5)","background-image":"","background-repeat":"repeat","background-position":"center center","background-size":"auto","background-attachment":"scroll","background-type":"","background-media":"","overlay-type":"","overlay-color":"","overlay-opacity":"","overlay-gradient":""}},"footnotes":"","_wpscppro_dont_share_socialmedia":false,"_wpscppro_custom_social_share_image":0,"_facebook_share_type":"","_twitter_share_type":"","_linkedin_share_type":"","_pinterest_share_type":"","_linkedin_share_type_page":"","_instagram_share_type":"","_medium_share_type":"","_threads_share_type":"","_selected_social_profile":[],"_wpsp_enable_custom_social_template":false,"_wpsp_social_scheduling":{"enabled":false,"datetime":null,"platforms":[],"status":"template_only","dateOption":"today","timeOption":"now","customDays":"","customHours":"","customDate":"","customTime":"","schedulingType":"absolute"},"_wpsp_active_default_template":true},"categories":[19,236,1],"tags":[],"class_list":["post-9516","post","type-post","status-publish","format-standard","has-post-thumbnail","hentry","category-b2v","category-portada","category-uncategorized"],"yoast_head":"<!-- This site is optimized with the Yoast SEO plugin v27.5 - https:\/\/yoast.com\/product\/yoast-seo-wordpress\/ -->\n<title>M\u00e9xico se convierte en la capital global del liderazgo femenino en el Women Economic Forum 2025 - B2V Media<\/title>\n<meta name=\"description\" content=\"M\u00e9xico se consolida como capital global del liderazgo femenino al recibir el Women Economic Forum 2025, un encuentro clave.\" \/>\n<meta name=\"robots\" content=\"index, follow, max-snippet:-1, max-image-preview:large, max-video-preview:-1\" \/>\n<link rel=\"canonical\" href=\"https:\/\/b2v.mx\/media\/mexico-se-convierte-en-la-capital-global-del-liderazgo-femenino-en-el-women-economic-forum-2025\/\" \/>\n<meta property=\"og:locale\" content=\"es_ES\" \/>\n<meta property=\"og:type\" content=\"article\" \/>\n<meta property=\"og:title\" content=\"M\u00e9xico se convierte en la capital global del liderazgo femenino en el Women Economic Forum 2025 - B2V Media\" \/>\n<meta property=\"og:description\" content=\"M\u00e9xico se consolida como capital global del liderazgo femenino al recibir el Women Economic Forum 2025, un encuentro clave.\" \/>\n<meta property=\"og:url\" content=\"https:\/\/b2v.mx\/media\/mexico-se-convierte-en-la-capital-global-del-liderazgo-femenino-en-el-women-economic-forum-2025\/\" \/>\n<meta property=\"og:site_name\" content=\"B2V Media\" \/>\n<meta property=\"article:publisher\" content=\"https:\/\/www.facebook.com\/b2vmx\" \/>\n<meta property=\"article:published_time\" content=\"2025-11-03T17:13:14+00:00\" \/>\n<meta property=\"article:modified_time\" content=\"2025-11-03T19:08:56+00:00\" \/>\n<meta property=\"og:image\" content=\"https:\/\/b2v.mx\/media\/wp-content\/uploads\/2025\/11\/033A0742-scaled.jpg\" \/>\n\t<meta property=\"og:image:width\" content=\"2560\" \/>\n\t<meta property=\"og:image:height\" content=\"1707\" \/>\n\t<meta property=\"og:image:type\" content=\"image\/jpeg\" \/>\n<meta name=\"author\" content=\"Andrea V\u00e1zquez Azp\u00edroz\" \/>\n<meta name=\"twitter:card\" content=\"summary_large_image\" \/>\n<meta name=\"twitter:creator\" content=\"@b2v_mx\" \/>\n<meta name=\"twitter:site\" content=\"@b2v_mx\" \/>\n<meta name=\"twitter:label1\" content=\"Escrito por\" \/>\n\t<meta name=\"twitter:data1\" content=\"Andrea V\u00e1zquez Azp\u00edroz\" \/>\n\t<meta name=\"twitter:label2\" content=\"Tiempo de lectura\" \/>\n\t<meta name=\"twitter:data2\" content=\"7 minutos\" \/>\n<script type=\"application\/ld+json\" class=\"yoast-schema-graph\">{\"@context\":\"https:\\\/\\\/schema.org\",\"@graph\":[{\"@type\":\"Article\",\"@id\":\"https:\\\/\\\/b2v.mx\\\/media\\\/mexico-se-convierte-en-la-capital-global-del-liderazgo-femenino-en-el-women-economic-forum-2025\\\/#article\",\"isPartOf\":{\"@id\":\"https:\\\/\\\/b2v.mx\\\/media\\\/mexico-se-convierte-en-la-capital-global-del-liderazgo-femenino-en-el-women-economic-forum-2025\\\/\"},\"author\":{\"name\":\"Andrea V\u00e1zquez Azp\u00edroz\",\"@id\":\"https:\\\/\\\/b2v.mx\\\/media\\\/#\\\/schema\\\/person\\\/fdeb859d1bdda9c8d2c94c76f1da9dd9\"},\"headline\":\"M\u00e9xico se convierte en la capital global del liderazgo femenino en el Women Economic Forum 2025\",\"datePublished\":\"2025-11-03T17:13:14+00:00\",\"dateModified\":\"2025-11-03T19:08:56+00:00\",\"mainEntityOfPage\":{\"@id\":\"https:\\\/\\\/b2v.mx\\\/media\\\/mexico-se-convierte-en-la-capital-global-del-liderazgo-femenino-en-el-women-economic-forum-2025\\\/\"},\"wordCount\":1265,\"commentCount\":0,\"publisher\":{\"@id\":\"https:\\\/\\\/b2v.mx\\\/media\\\/#organization\"},\"image\":{\"@id\":\"https:\\\/\\\/b2v.mx\\\/media\\\/mexico-se-convierte-en-la-capital-global-del-liderazgo-femenino-en-el-women-economic-forum-2025\\\/#primaryimage\"},\"thumbnailUrl\":\"https:\\\/\\\/b2v.mx\\\/media\\\/wp-content\\\/uploads\\\/2025\\\/11\\\/033A0742-scaled.jpg\",\"articleSection\":[\"Negocios\",\"Portada\",\"Uncategorized\"],\"inLanguage\":\"es\",\"potentialAction\":[{\"@type\":\"CommentAction\",\"name\":\"Comment\",\"target\":[\"https:\\\/\\\/b2v.mx\\\/media\\\/mexico-se-convierte-en-la-capital-global-del-liderazgo-femenino-en-el-women-economic-forum-2025\\\/#respond\"]}]},{\"@type\":\"WebPage\",\"@id\":\"https:\\\/\\\/b2v.mx\\\/media\\\/mexico-se-convierte-en-la-capital-global-del-liderazgo-femenino-en-el-women-economic-forum-2025\\\/\",\"url\":\"https:\\\/\\\/b2v.mx\\\/media\\\/mexico-se-convierte-en-la-capital-global-del-liderazgo-femenino-en-el-women-economic-forum-2025\\\/\",\"name\":\"M\u00e9xico se convierte en la capital global del liderazgo femenino en el Women Economic Forum 2025 - B2V Media\",\"isPartOf\":{\"@id\":\"https:\\\/\\\/b2v.mx\\\/media\\\/#website\"},\"primaryImageOfPage\":{\"@id\":\"https:\\\/\\\/b2v.mx\\\/media\\\/mexico-se-convierte-en-la-capital-global-del-liderazgo-femenino-en-el-women-economic-forum-2025\\\/#primaryimage\"},\"image\":{\"@id\":\"https:\\\/\\\/b2v.mx\\\/media\\\/mexico-se-convierte-en-la-capital-global-del-liderazgo-femenino-en-el-women-economic-forum-2025\\\/#primaryimage\"},\"thumbnailUrl\":\"https:\\\/\\\/b2v.mx\\\/media\\\/wp-content\\\/uploads\\\/2025\\\/11\\\/033A0742-scaled.jpg\",\"datePublished\":\"2025-11-03T17:13:14+00:00\",\"dateModified\":\"2025-11-03T19:08:56+00:00\",\"description\":\"M\u00e9xico se consolida como capital global del liderazgo femenino al recibir el Women Economic Forum 2025, un encuentro clave.\",\"inLanguage\":\"es\",\"potentialAction\":[{\"@type\":\"ReadAction\",\"target\":[\"https:\\\/\\\/b2v.mx\\\/media\\\/mexico-se-convierte-en-la-capital-global-del-liderazgo-femenino-en-el-women-economic-forum-2025\\\/\"]}]},{\"@type\":\"ImageObject\",\"inLanguage\":\"es\",\"@id\":\"https:\\\/\\\/b2v.mx\\\/media\\\/mexico-se-convierte-en-la-capital-global-del-liderazgo-femenino-en-el-women-economic-forum-2025\\\/#primaryimage\",\"url\":\"https:\\\/\\\/b2v.mx\\\/media\\\/wp-content\\\/uploads\\\/2025\\\/11\\\/033A0742-scaled.jpg\",\"contentUrl\":\"https:\\\/\\\/b2v.mx\\\/media\\\/wp-content\\\/uploads\\\/2025\\\/11\\\/033A0742-scaled.jpg\",\"width\":2560,\"height\":1707,\"caption\":\"Women Ecomonic Forum\"},{\"@type\":\"WebSite\",\"@id\":\"https:\\\/\\\/b2v.mx\\\/media\\\/#website\",\"url\":\"https:\\\/\\\/b2v.mx\\\/media\\\/\",\"name\":\"B2V Media\",\"description\":\"Sitio de Contenidos de Negocios\",\"publisher\":{\"@id\":\"https:\\\/\\\/b2v.mx\\\/media\\\/#organization\"},\"alternateName\":\"B2V MX\",\"potentialAction\":[{\"@type\":\"SearchAction\",\"target\":{\"@type\":\"EntryPoint\",\"urlTemplate\":\"https:\\\/\\\/b2v.mx\\\/media\\\/?s={search_term_string}\"},\"query-input\":{\"@type\":\"PropertyValueSpecification\",\"valueRequired\":true,\"valueName\":\"search_term_string\"}}],\"inLanguage\":\"es\"},{\"@type\":\"Organization\",\"@id\":\"https:\\\/\\\/b2v.mx\\\/media\\\/#organization\",\"name\":\"B2V Media\",\"alternateName\":\"B2V MX\",\"url\":\"https:\\\/\\\/b2v.mx\\\/media\\\/\",\"logo\":{\"@type\":\"ImageObject\",\"inLanguage\":\"es\",\"@id\":\"https:\\\/\\\/b2v.mx\\\/media\\\/#\\\/schema\\\/logo\\\/image\\\/\",\"url\":\"https:\\\/\\\/b2v.mx\\\/media\\\/wp-content\\\/uploads\\\/2023\\\/01\\\/cropped-Logos_Mesa-de-trabajo-1-e1754716517695.png\",\"contentUrl\":\"https:\\\/\\\/b2v.mx\\\/media\\\/wp-content\\\/uploads\\\/2023\\\/01\\\/cropped-Logos_Mesa-de-trabajo-1-e1754716517695.png\",\"width\":250,\"height\":151,\"caption\":\"B2V Media\"},\"image\":{\"@id\":\"https:\\\/\\\/b2v.mx\\\/media\\\/#\\\/schema\\\/logo\\\/image\\\/\"},\"sameAs\":[\"https:\\\/\\\/www.facebook.com\\\/b2vmx\",\"https:\\\/\\\/x.com\\\/b2v_mx\",\"https:\\\/\\\/www.instagram.com\\\/b2vmx\\\/\",\"https:\\\/\\\/linkedin.com\\\/business\\\/b2vmx\"]},{\"@type\":\"Person\",\"@id\":\"https:\\\/\\\/b2v.mx\\\/media\\\/#\\\/schema\\\/person\\\/fdeb859d1bdda9c8d2c94c76f1da9dd9\",\"name\":\"Andrea V\u00e1zquez Azp\u00edroz\",\"image\":{\"@type\":\"ImageObject\",\"inLanguage\":\"es\",\"@id\":\"https:\\\/\\\/secure.gravatar.com\\\/avatar\\\/59c147bb05cf879345a7243fd4d7c9c3ae878ebb3a2c1e59e584d824e2d9771a?s=96&d=mm&r=g\",\"url\":\"https:\\\/\\\/secure.gravatar.com\\\/avatar\\\/59c147bb05cf879345a7243fd4d7c9c3ae878ebb3a2c1e59e584d824e2d9771a?s=96&d=mm&r=g\",\"contentUrl\":\"https:\\\/\\\/secure.gravatar.com\\\/avatar\\\/59c147bb05cf879345a7243fd4d7c9c3ae878ebb3a2c1e59e584d824e2d9771a?s=96&d=mm&r=g\",\"caption\":\"Andrea V\u00e1zquez Azp\u00edroz\"},\"url\":\"https:\\\/\\\/b2v.mx\\\/media\\\/author\\\/avazquez\\\/\"}]}<\/script>\n<!-- \/ Yoast SEO plugin. -->","yoast_head_json":{"title":"M\u00e9xico se convierte en la capital global del liderazgo femenino en el Women Economic Forum 2025 - B2V Media","description":"M\u00e9xico se consolida como capital global del liderazgo femenino al recibir el Women Economic Forum 2025, un encuentro clave.","robots":{"index":"index","follow":"follow","max-snippet":"max-snippet:-1","max-image-preview":"max-image-preview:large","max-video-preview":"max-video-preview:-1"},"canonical":"https:\/\/b2v.mx\/media\/mexico-se-convierte-en-la-capital-global-del-liderazgo-femenino-en-el-women-economic-forum-2025\/","og_locale":"es_ES","og_type":"article","og_title":"M\u00e9xico se convierte en la capital global del liderazgo femenino en el Women Economic Forum 2025 - B2V Media","og_description":"M\u00e9xico se consolida como capital global del liderazgo femenino al recibir el Women Economic Forum 2025, un encuentro clave.","og_url":"https:\/\/b2v.mx\/media\/mexico-se-convierte-en-la-capital-global-del-liderazgo-femenino-en-el-women-economic-forum-2025\/","og_site_name":"B2V Media","article_publisher":"https:\/\/www.facebook.com\/b2vmx","article_published_time":"2025-11-03T17:13:14+00:00","article_modified_time":"2025-11-03T19:08:56+00:00","og_image":[{"width":2560,"height":1707,"url":"https:\/\/b2v.mx\/media\/wp-content\/uploads\/2025\/11\/033A0742-scaled.jpg","type":"image\/jpeg"}],"author":"Andrea V\u00e1zquez Azp\u00edroz","twitter_card":"summary_large_image","twitter_creator":"@b2v_mx","twitter_site":"@b2v_mx","twitter_misc":{"Escrito por":"Andrea V\u00e1zquez Azp\u00edroz","Tiempo de lectura":"7 minutos"},"schema":{"@context":"https:\/\/schema.org","@graph":[{"@type":"Article","@id":"https:\/\/b2v.mx\/media\/mexico-se-convierte-en-la-capital-global-del-liderazgo-femenino-en-el-women-economic-forum-2025\/#article","isPartOf":{"@id":"https:\/\/b2v.mx\/media\/mexico-se-convierte-en-la-capital-global-del-liderazgo-femenino-en-el-women-economic-forum-2025\/"},"author":{"name":"Andrea V\u00e1zquez Azp\u00edroz","@id":"https:\/\/b2v.mx\/media\/#\/schema\/person\/fdeb859d1bdda9c8d2c94c76f1da9dd9"},"headline":"M\u00e9xico se convierte en la capital global del liderazgo femenino en el Women Economic Forum 2025","datePublished":"2025-11-03T17:13:14+00:00","dateModified":"2025-11-03T19:08:56+00:00","mainEntityOfPage":{"@id":"https:\/\/b2v.mx\/media\/mexico-se-convierte-en-la-capital-global-del-liderazgo-femenino-en-el-women-economic-forum-2025\/"},"wordCount":1265,"commentCount":0,"publisher":{"@id":"https:\/\/b2v.mx\/media\/#organization"},"image":{"@id":"https:\/\/b2v.mx\/media\/mexico-se-convierte-en-la-capital-global-del-liderazgo-femenino-en-el-women-economic-forum-2025\/#primaryimage"},"thumbnailUrl":"https:\/\/b2v.mx\/media\/wp-content\/uploads\/2025\/11\/033A0742-scaled.jpg","articleSection":["Negocios","Portada","Uncategorized"],"inLanguage":"es","potentialAction":[{"@type":"CommentAction","name":"Comment","target":["https:\/\/b2v.mx\/media\/mexico-se-convierte-en-la-capital-global-del-liderazgo-femenino-en-el-women-economic-forum-2025\/#respond"]}]},{"@type":"WebPage","@id":"https:\/\/b2v.mx\/media\/mexico-se-convierte-en-la-capital-global-del-liderazgo-femenino-en-el-women-economic-forum-2025\/","url":"https:\/\/b2v.mx\/media\/mexico-se-convierte-en-la-capital-global-del-liderazgo-femenino-en-el-women-economic-forum-2025\/","name":"M\u00e9xico se convierte en la capital global del liderazgo femenino en el Women Economic Forum 2025 - B2V Media","isPartOf":{"@id":"https:\/\/b2v.mx\/media\/#website"},"primaryImageOfPage":{"@id":"https:\/\/b2v.mx\/media\/mexico-se-convierte-en-la-capital-global-del-liderazgo-femenino-en-el-women-economic-forum-2025\/#primaryimage"},"image":{"@id":"https:\/\/b2v.mx\/media\/mexico-se-convierte-en-la-capital-global-del-liderazgo-femenino-en-el-women-economic-forum-2025\/#primaryimage"},"thumbnailUrl":"https:\/\/b2v.mx\/media\/wp-content\/uploads\/2025\/11\/033A0742-scaled.jpg","datePublished":"2025-11-03T17:13:14+00:00","dateModified":"2025-11-03T19:08:56+00:00","description":"M\u00e9xico se consolida como capital global del liderazgo femenino al recibir el Women Economic Forum 2025, un encuentro clave.","inLanguage":"es","potentialAction":[{"@type":"ReadAction","target":["https:\/\/b2v.mx\/media\/mexico-se-convierte-en-la-capital-global-del-liderazgo-femenino-en-el-women-economic-forum-2025\/"]}]},{"@type":"ImageObject","inLanguage":"es","@id":"https:\/\/b2v.mx\/media\/mexico-se-convierte-en-la-capital-global-del-liderazgo-femenino-en-el-women-economic-forum-2025\/#primaryimage","url":"https:\/\/b2v.mx\/media\/wp-content\/uploads\/2025\/11\/033A0742-scaled.jpg","contentUrl":"https:\/\/b2v.mx\/media\/wp-content\/uploads\/2025\/11\/033A0742-scaled.jpg","width":2560,"height":1707,"caption":"Women Ecomonic Forum"},{"@type":"WebSite","@id":"https:\/\/b2v.mx\/media\/#website","url":"https:\/\/b2v.mx\/media\/","name":"B2V Media","description":"Sitio de Contenidos de Negocios","publisher":{"@id":"https:\/\/b2v.mx\/media\/#organization"},"alternateName":"B2V MX","potentialAction":[{"@type":"SearchAction","target":{"@type":"EntryPoint","urlTemplate":"https:\/\/b2v.mx\/media\/?s={search_term_string}"},"query-input":{"@type":"PropertyValueSpecification","valueRequired":true,"valueName":"search_term_string"}}],"inLanguage":"es"},{"@type":"Organization","@id":"https:\/\/b2v.mx\/media\/#organization","name":"B2V Media","alternateName":"B2V MX","url":"https:\/\/b2v.mx\/media\/","logo":{"@type":"ImageObject","inLanguage":"es","@id":"https:\/\/b2v.mx\/media\/#\/schema\/logo\/image\/","url":"https:\/\/b2v.mx\/media\/wp-content\/uploads\/2023\/01\/cropped-Logos_Mesa-de-trabajo-1-e1754716517695.png","contentUrl":"https:\/\/b2v.mx\/media\/wp-content\/uploads\/2023\/01\/cropped-Logos_Mesa-de-trabajo-1-e1754716517695.png","width":250,"height":151,"caption":"B2V Media"},"image":{"@id":"https:\/\/b2v.mx\/media\/#\/schema\/logo\/image\/"},"sameAs":["https:\/\/www.facebook.com\/b2vmx","https:\/\/x.com\/b2v_mx","https:\/\/www.instagram.com\/b2vmx\/","https:\/\/linkedin.com\/business\/b2vmx"]},{"@type":"Person","@id":"https:\/\/b2v.mx\/media\/#\/schema\/person\/fdeb859d1bdda9c8d2c94c76f1da9dd9","name":"Andrea V\u00e1zquez Azp\u00edroz","image":{"@type":"ImageObject","inLanguage":"es","@id":"https:\/\/secure.gravatar.com\/avatar\/59c147bb05cf879345a7243fd4d7c9c3ae878ebb3a2c1e59e584d824e2d9771a?s=96&d=mm&r=g","url":"https:\/\/secure.gravatar.com\/avatar\/59c147bb05cf879345a7243fd4d7c9c3ae878ebb3a2c1e59e584d824e2d9771a?s=96&d=mm&r=g","contentUrl":"https:\/\/secure.gravatar.com\/avatar\/59c147bb05cf879345a7243fd4d7c9c3ae878ebb3a2c1e59e584d824e2d9771a?s=96&d=mm&r=g","caption":"Andrea V\u00e1zquez Azp\u00edroz"},"url":"https:\/\/b2v.mx\/media\/author\/avazquez\/"}]}},"_links":{"self":[{"href":"https:\/\/b2v.mx\/media\/wp-json\/wp\/v2\/posts\/9516","targetHints":{"allow":["GET"]}}],"collection":[{"href":"https:\/\/b2v.mx\/media\/wp-json\/wp\/v2\/posts"}],"about":[{"href":"https:\/\/b2v.mx\/media\/wp-json\/wp\/v2\/types\/post"}],"author":[{"embeddable":true,"href":"https:\/\/b2v.mx\/media\/wp-json\/wp\/v2\/users\/10"}],"replies":[{"embeddable":true,"href":"https:\/\/b2v.mx\/media\/wp-json\/wp\/v2\/comments?post=9516"}],"version-history":[{"count":2,"href":"https:\/\/b2v.mx\/media\/wp-json\/wp\/v2\/posts\/9516\/revisions"}],"predecessor-version":[{"id":9526,"href":"https:\/\/b2v.mx\/media\/wp-json\/wp\/v2\/posts\/9516\/revisions\/9526"}],"wp:featuredmedia":[{"embeddable":true,"href":"https:\/\/b2v.mx\/media\/wp-json\/wp\/v2\/media\/9524"}],"wp:attachment":[{"href":"https:\/\/b2v.mx\/media\/wp-json\/wp\/v2\/media?parent=9516"}],"wp:term":[{"taxonomy":"category","embeddable":true,"href":"https:\/\/b2v.mx\/media\/wp-json\/wp\/v2\/categories?post=9516"},{"taxonomy":"post_tag","embeddable":true,"href":"https:\/\/b2v.mx\/media\/wp-json\/wp\/v2\/tags?post=9516"}],"curies":[{"name":"wp","href":"https:\/\/api.w.org\/{rel}","templated":true}]}}